{"id":532701,"date":"2025-11-14T02:39:55","date_gmt":"2025-11-14T02:39:55","guid":{"rendered":"https:\/\/www.europesays.com\/fr\/532701\/"},"modified":"2025-11-14T02:39:55","modified_gmt":"2025-11-14T02:39:55","slug":"pourquoi-des-coups-de-feu-ont-ils-ete-tires-sur-des-berges-de-la-mosson","status":"publish","type":"post","link":"https:\/\/www.europesays.com\/fr\/532701\/","title":{"rendered":"pourquoi des coups de feu ont-ils \u00e9t\u00e9 tir\u00e9s sur des berges de la Mosson\u00a0?"},"content":{"rendered":"<p>                    Par<br \/>\n        <strong><br \/>\n            <a href=\"https:\/\/actu.fr\/auteur\/jm-aubert\" title=\"Consulter tous les articles de Jean-Marc Aubert\" target=\"_blank\" rel=\"noopener\">Jean-Marc Aubert<\/a><br \/>\n                    <\/strong><\/p>\n<p>        Publi\u00e9 le<\/p>\n<p>            13 nov. 2025 \u00e0 12h27        <\/p>\n<p>Les <strong>sangliers<\/strong> ou plut\u00f4t les cochongliers font partie du paysage montpelli\u00e9rain et des communes alentour depuis d\u00e9j\u00e0 de nombreuses ann\u00e9es. Mais ils sont de plus en plus nombreux et en qu\u00eate de nourriture, des hardes, avec des couples et leurs marcassins investissent des zones urbaines, comme les quartiers de la Mosson, aux Hauts de Massane, d\u2019Euromedecine et du Plan des 4 Seigneurs au nord, \u00e0 la Martelle, Celleneuve, la Chamberte au sud, \u00e0 <strong>Montpellier<\/strong> et \u00e0 Juvignac et Lav\u00e9rune, \u00e0 l\u2019ouest. Des sangliers en goguette, quelquefois en solitaire, au coeur de r\u00e9sidences, film\u00e9es par exemple sur les voies de tramway.<\/p>\n<p class=\" wall-content\">Des citoyens se disent exasp\u00e9r\u00e9s par cette situation et d\u00e9noncent un risque d\u2019accident de la circulation. Des conducteurs ont d\u00e9j\u00e0 eu leurs v\u00e9hicules endommag\u00e9s par des sangliers, notamment la nuit. Le dernier en date, samedi 8 novembre 2025 est une collision survenue sur l\u2019autoroute A750 entre une voiture et un sanglier, au niveau de Saint-Paul-et-Valmalle, sans faire de bless\u00e9, fort heureusement.<\/p>\n<p>    <a href=\"https:\/\/www.google.com\/maps\/embed?pb=!1m18!1m12!1m3!1d18444.09867054312!2d3.791191295149306!3d43.62666731182831!2m3!1f0!2f0!3f0!3m2!1i1024!2i768!4f13.1!3m3!1m2!1s0x12b6ac413ca253e7%3A0xe83de3a75360edd7!2sFontcaude%2C%2034990%20Juvignac!5e0!3m2!1sfr!2sfr!4v1763028623372!5m2!1sfr!2sfr\" title=\"Ouvrie le lien\" target=\"_blank\" rel=\"noopener\">Cliquez ici pour visualiser le contenu<\/a><\/p>\n<p class=\" wall-content\">Un habitant de cette zone a adress\u00e9 un courrier ce mercredi 12 novembre au <strong>pr\u00e9fet de l\u2019H\u00e9rault<\/strong> pour signaler \u00ab\u00a0un danger r\u00e9current sur l\u2019A750 et sur les routes \u00e0 l\u2019ouest de Montpellier, notamment \u00e0 Saint-Georges-d\u2019Orques\u00a0\u00bb. Il demande l\u2019intervention des agents de la\u00a0Direction interd\u00e9partementale des routes -DIR- du Massif Central pour prendre des mesures concernant l\u2019A750, qui est de son ressort. Tous les services concern\u00e9s sont conscients de ce probl\u00e8me qui est pris en compte et g\u00e9r\u00e9 pour abattre un quota de sangliers.<\/p>\n<p>Vid\u00e9os : en ce moment sur Actu<\/p>\n<p class=\" wall-content\">Des \u00e9lus h\u00e9raultais confront\u00e9s \u00e0 cette situation et le Parti animaliste ne cessent d\u2019alerter les pouvoirs publics sur cette prolif\u00e9ration inqui\u00e9tante des sangliers, qui, outre le fait de mettre en danger les habitants, provoquent des d\u00e9g\u00e2ts consid\u00e9rables dans les cultures, les terrains de golf, etc. Les mairies de Montpellier, comme celles de la M\u00e9tropole organisent des battues administratives avec l\u2019aval de la pr\u00e9fecture. Ce fut le cas mercredi 5 novembre dernier, en soir\u00e9e, dans les zones des Hauts de Massane, \u00e0 Montpellier et dans le quartier de Fontcaude, \u00e0<strong> Juvignac<\/strong>, avec des lieutenants de louveterie et la F\u00e9d\u00e9ration de chasse de l\u2019H\u00e9rault.<\/p>\n<p class=\" wall-content\">Une traque de ces b\u00eates a eu lieu de 19h \u00e0 22h, le long des berges de la Mosson. La Ville de Juvignac a pr\u00e9venu de cette battue autoris\u00e9e sur les r\u00e9seaux sociaux pour \u00e9viter que des promeneurs, des joggeurs et des propri\u00e9taires de chiens ne s\u2019y aventurent. \u00ab\u00a0Il s\u2019agit \u00e9galement d\u2019informer les nombreux riverains qui, entendant de nombreux coups de feu, s\u2019inqui\u00e8tent et alertent le 17\u00a0\u00bb indique la mairie de Juvignac.\u00a0<\/p>\n<p>Votre r\u00e9gion, votre actu !<\/p>\n<p>Recevez chaque jour les infos qui comptent pour vous.<\/p>\n<p>\t<a href=\"https:\/\/actu.fr\/newsletter\" class=\"ac-btn ac-btn--corner ac-btn--medium ac-btn--blue800\" target=\"_blank\" rel=\"noopener\">S&rsquo;incrire<\/a><\/p>\n<p class=\" wall-content\">Ces mammif\u00e8res omnivores ont pris leur quartier en famille dans le quartier de la Mosson et \u00e0 Grabels, o\u00f9 les habitants observent r\u00e9guli\u00e8rement leur pr\u00e9sence, autour des containers et autres poubelles. Ainsi, le 29 mai 2025, en plein jour, un riverain a immortalis\u00e9 un couple de sangliers et six marcassins fouinant et remuant tranquillement dans des d\u00e9chets et des bosquets, \u00e0 deux pas d\u2019un vendeur \u00e0 la sauvette qui avait pos\u00e9 ses produits dans la rue.<\/p>\n<p class=\" wall-content\">Personnalisez votre actualit\u00e9 en ajoutant vos villes et m\u00e9dias en favori avec <a href=\"https:\/\/moncompte.actu.fr\" title=\"D\u00e9couvez Mon Actu\" rel=\"nofollow noopener\" data-trk=\"{&quot;cta&quot;:{&quot;action&quot;:&quot;https:\\\/\\\/moncompte.actu.fr&quot;,&quot;category&quot;:&quot;mon compte&quot;,&quot;from&quot;:&quot;article footer&quot;,&quot;name&quot;:&quot;Mon actu&quot;,&quot;type&quot;:&quot;cta&quot;}}\" target=\"_blank\">Mon Actu<\/a>.<\/p>\n","protected":false},"excerpt":{"rendered":"Par Jean-Marc Aubert Publi\u00e9 le 13 nov. 2025 \u00e0 12h27 Les sangliers ou plut\u00f4t les cochongliers font partie&hellip;\n","protected":false},"author":2,"featured_media":532702,"comment_status":"","ping_status":"","sticky":false,"template":"","format":"standard","meta":{"footnotes":""},"categories":[9599],"tags":[1111,11,1867,4183,1777,674,1011,27,2208,12,2680,25,104],"class_list":{"0":"post-532701","1":"post","2":"type-post","3":"status-publish","4":"format-standard","5":"has-post-thumbnail","7":"category-montpellier","8":"tag-actu","9":"tag-actualites","10":"tag-animaux","11":"tag-chasse","12":"tag-eu","13":"tag-europe","14":"tag-fr","15":"tag-france","16":"tag-montpellier","17":"tag-news","18":"tag-occitanie","19":"tag-republique-francaise","20":"tag-societe"},"share_on_mastodon":{"url":"https:\/\/pubeurope.com\/@fr\/115545743230561012","error":""},"_links":{"self":[{"href":"https:\/\/www.europesays.com\/fr\/wp-json\/wp\/v2\/posts\/532701","targetHints":{"allow":["GET"]}}],"collection":[{"href":"https:\/\/www.europesays.com\/fr\/wp-json\/wp\/v2\/posts"}],"about":[{"href":"https:\/\/www.europesays.com\/fr\/wp-json\/wp\/v2\/types\/post"}],"author":[{"embeddable":true,"href":"https:\/\/www.europesays.com\/fr\/wp-json\/wp\/v2\/users\/2"}],"replies":[{"embeddable":true,"href":"https:\/\/www.europesays.com\/fr\/wp-json\/wp\/v2\/comments?post=532701"}],"version-history":[{"count":0,"href":"https:\/\/www.europesays.com\/fr\/wp-json\/wp\/v2\/posts\/532701\/revisions"}],"wp:featuredmedia":[{"embeddable":true,"href":"https:\/\/www.europesays.com\/fr\/wp-json\/wp\/v2\/media\/532702"}],"wp:attachment":[{"href":"https:\/\/www.europesays.com\/fr\/wp-json\/wp\/v2\/media?parent=532701"}],"wp:term":[{"taxonomy":"category","embeddable":true,"href":"https:\/\/www.europesays.com\/fr\/wp-json\/wp\/v2\/categories?post=532701"},{"taxonomy":"post_tag","embeddable":true,"href":"https:\/\/www.europesays.com\/fr\/wp-json\/wp\/v2\/tags?post=532701"}],"curies":[{"name":"wp","href":"https:\/\/api.w.org\/{rel}","templated":true}]}}