{"id":532706,"date":"2025-11-14T02:44:28","date_gmt":"2025-11-14T02:44:28","guid":{"rendered":"https:\/\/www.europesays.com\/fr\/532706\/"},"modified":"2025-11-14T02:44:28","modified_gmt":"2025-11-14T02:44:28","slug":"circulation-perturbee-a-prevoir-ce-jeudi-et-le-24-novembre-autour-de-grenoble","status":"publish","type":"post","link":"https:\/\/www.europesays.com\/fr\/532706\/","title":{"rendered":"circulation perturb\u00e9e \u00e0 pr\u00e9voir ce jeudi et le 24 novembre autour de Grenoble"},"content":{"rendered":"<p>\t\t\t\t\t\t\t\t\t\t\t<img decoding=\"async\" src=\"https:\/\/www.europesays.com\/fr\/wp-content\/uploads\/2025\/11\/1280x720_travaux-au-rondeau-circulation-perturbee-a-prevoir-ce-jeudi-et-le-24-novembre-autour-de-gre.jpeg\" alt=\"Travaux au Rondeau : circulation perturb\u00e9e \u00e0 pr\u00e9voir ce jeudi et le 24 novembre autour de Grenoble\" title=\"Travaux au Rondeau : circulation perturb\u00e9e \u00e0 pr\u00e9voir ce jeudi et le 24 novembre autour de Grenoble\" width=\"1280\" height=\"720\" class=\"img-fluid  mb-3\" loading=\"lazy\"\/>\t\t\t\t\t\t\t\t\t\t\t\t<\/p>\n<p>Travaux au Rondeau : circulation perturb\u00e9e \u00e0 pr\u00e9voir ce jeudi et le 24 novembre autour de Grenoble &#8211; DR<\/p>\n<p>Des interruptions de circulation vont ponctuer la semaine autour du Rondeau. La Direction interd\u00e9partementale des routes Centre-Est Dirce doit inspecter les ouvrages r\u00e9cemment mis en service dans le cadre du vaste chantier de r\u00e9am\u00e9nagement du secteur. Les interventions se d\u00e9rouleront de mani\u00e8re ponctuelle ce jeudi 13 novembre en journ\u00e9e puis le lundi 24 novembre dans la matin\u00e9e.<\/p>\n<p>Ces op\u00e9rations de contr\u00f4le entra\u00eeneront la fermeture temporaire de plusieurs bretelles reliant l\u2019A480 et la rocade sud RN87.<\/p>\n<p>Seront notamment concern\u00e9es les liaisons entre l\u2019A480 Nord vers Lyon et la rocade sud, celles depuis l\u2019A480 Sud vers Sisteron, ainsi que les acc\u00e8s entre la RN87 et l\u2019A480 en direction de Lyon. Les bretelles de l\u2019\u00e9changeur Lib\u00e9ration n\u00b08 et les nouvelles voies collectrices vers Seyssins seront \u00e9galement impact\u00e9es.<\/p>\n","protected":false},"excerpt":{"rendered":"Travaux au Rondeau : circulation perturb\u00e9e \u00e0 pr\u00e9voir ce jeudi et le 24 novembre autour de Grenoble &#8211;&hellip;\n","protected":false},"author":2,"featured_media":532707,"comment_status":"","ping_status":"","sticky":false,"template":"","format":"standard","meta":{"footnotes":""},"categories":[9566],"tags":[1111,11,7733,8279,2430,7736,650,7734,2889,2263,1777,674,1011,27,2731,8280,6417,1114,108,4662,12,3725,1825,25,7737],"class_list":{"0":"post-532706","1":"post","2":"type-post","3":"status-publish","4":"format-standard","5":"has-post-thumbnail","7":"category-grenoble","8":"tag-actu","9":"tag-actualites","10":"tag-alpes","11":"tag-alpes1","12":"tag-auvergne-rhone-alpes","13":"tag-cds","14":"tag-cinema","15":"tag-ecoute","16":"tag-emission","17":"tag-equipe","18":"tag-eu","19":"tag-europe","20":"tag-fr","21":"tag-france","22":"tag-grenoble","23":"tag-haute","24":"tag-information","25":"tag-infos","26":"tag-isere","27":"tag-journal","28":"tag-news","29":"tag-podcast","30":"tag-radio","31":"tag-republique-francaise","32":"tag-winamp"},"share_on_mastodon":{"url":"https:\/\/pubeurope.com\/@fr\/115545759594677864","error":""},"_links":{"self":[{"href":"https:\/\/www.europesays.com\/fr\/wp-json\/wp\/v2\/posts\/532706","targetHints":{"allow":["GET"]}}],"collection":[{"href":"https:\/\/www.europesays.com\/fr\/wp-json\/wp\/v2\/posts"}],"about":[{"href":"https:\/\/www.europesays.com\/fr\/wp-json\/wp\/v2\/types\/post"}],"author":[{"embeddable":true,"href":"https:\/\/www.europesays.com\/fr\/wp-json\/wp\/v2\/users\/2"}],"replies":[{"embeddable":true,"href":"https:\/\/www.europesays.com\/fr\/wp-json\/wp\/v2\/comments?post=532706"}],"version-history":[{"count":0,"href":"https:\/\/www.europesays.com\/fr\/wp-json\/wp\/v2\/posts\/532706\/revisions"}],"wp:featuredmedia":[{"embeddable":true,"href":"https:\/\/www.europesays.com\/fr\/wp-json\/wp\/v2\/media\/532707"}],"wp:attachment":[{"href":"https:\/\/www.europesays.com\/fr\/wp-json\/wp\/v2\/media?parent=532706"}],"wp:term":[{"taxonomy":"category","embeddable":true,"href":"https:\/\/www.europesays.com\/fr\/wp-json\/wp\/v2\/categories?post=532706"},{"taxonomy":"post_tag","embeddable":true,"href":"https:\/\/www.europesays.com\/fr\/wp-json\/wp\/v2\/tags?post=532706"}],"curies":[{"name":"wp","href":"https:\/\/api.w.org\/{rel}","templated":true}]}}