{"id":532708,"date":"2025-11-14T02:45:37","date_gmt":"2025-11-14T02:45:37","guid":{"rendered":"https:\/\/www.europesays.com\/fr\/532708\/"},"modified":"2025-11-14T02:45:37","modified_gmt":"2025-11-14T02:45:37","slug":"on-est-tres-fiers-quil-y-ait-autant-de-ferveur-derriere-le-rc-vannes-savoure-maxime-lafage-avant-le-choc-de-pro-d2-contre-grenoble-a-rennes","status":"publish","type":"post","link":"https:\/\/www.europesays.com\/fr\/532708\/","title":{"rendered":"\u00ab On est tr\u00e8s fiers qu\u2019il y ait autant de ferveur derri\u00e8re le RC Vannes \u00bb, savoure Maxime Lafage avant le choc de Pro D2 contre Grenoble \u00e0 Rennes"},"content":{"rendered":"<p>Pro D2 (11e journ\u00e9e). RC Vannes &#8211; Grenoble, dimanche (21 h)\u00c7a fait quoi de se dire qu\u2018il y aura 30 000 personnes \u00e0 Rennes, dimanche, pour ce match face \u00e0 Grenoble ?<\/p>\n<p>Quand je jouais \u00e0 La Rochelle, on a jou\u00e9 au Matmut, \u00e0 Bordeaux, et m\u00eame \u00e0 Chaban-Delmas, qui fait aussi 30 000 places, l\u2018ann\u00e9e derni\u00e8re. Donc, j\u2019en ai connus un petit peu, mais pas beaucoup et pas avec autant d\u2019engouement, je trouve. En plus, c\u2019est un dimanche soir, <a href=\"https:\/\/www.letelegramme.fr\/sports\/rugby\/rc-vannes\/il-fallait-que-ce-soit-vannes-pourquoi-le-choc-de-pro-d2-rcv-grenoble-a-ete-programme-dimanche-soir-par-canal-6926489.php\" target=\"_blank\" rel=\"noopener\">en prime time sur Canal+<\/a>. C\u2019est vraiment une belle f\u00eate, un beau moment qui va arriver. Et je suis tr\u00e8s heureux de le vivre.<\/p>\n<p>On est tr\u00e8s fiers, d\u00e9j\u00e0, que le Roazhon Park se soit rempli aussi vite, qu\u2018il y ait autant de ferveur derri\u00e8re nous, derri\u00e8re le <a href=\"https:\/\/www.letelegramme.fr\/sports\/rugby\/rc-vannes\/\" target=\"_blank\" rel=\"noopener\">RC Vannes<\/a>. J\u2019en parlais \u00e0 ma compagne, je pense que pour les buteurs, comme moi, avec 30 000 personnes et le silence dans un grand stade comme \u00e7a, \u00e7a va \u00eatre aussi tr\u00e8s particulier.<\/p>\n<p>Finalement, ne seriez-vous pas un peu en mode Top 14 avec ce match le dimanche soir ?<\/p>\n<p>Normalement, c\u2018est nous qui sommes sur le canap\u00e9 en train de regarder les matchs de Top 14 \u00e0 cette heure-l\u00e0 ! C\u2019est une fiert\u00e9 d\u2019avoir la validation, aussi, des m\u00e9dias pour nous programmer \u00e0 ces heures-l\u00e0. \u00c7a veut dire qu\u2019on attire, que le rugby attire, que la Pro D2 attire.<\/p>\n<p>Comment se pr\u00e9pare-t-on \u00e0 un tel \u00e9v\u00e9nement ?<\/p>\n<p>Comme un match de rugby ! On sait que Grenoble va venir avec beaucoup d\u2018intentions. C\u2019est le dernier match du bloc. Ils vont afficher leur plus belle \u00e9quipe. Ce sera un \u00e9l\u00e9ment suppl\u00e9mentaire de motivation. On va essayer de respecter le plan de jeu de la meilleure des mani\u00e8res pour pouvoir l\u2019emporter, pour que la f\u00eate soit belle jusqu\u2019au bout.<\/p>\n<p>Gagner \u00e0 la maison, c\u2018est toujours primordial. Dans un \u00e9v\u00e9nement comme \u00e7a, on n\u2019a pas le droit de passer \u00e0 c\u00f4t\u00e9. Donc, on a envie de faire livrer une belle partie, un bon rugby. Et surtout, de gagner ce match \u00e0 la maison car la Bretagne, c\u2019est la maison !<\/p>\n<p>Le terrain au Roazhon Park est un peu plus petit que celui de la Rabine. Cela va-t-il changer la strat\u00e9gie pour les coups de pied ?<\/p>\n<p>Au niveau strat\u00e9gique, on n\u2018en a pas forc\u00e9ment encore parl\u00e9. On a surtout parl\u00e9 des en-buts, qui allaient \u00eatre bien plus petits qu\u2019\u00e0 la Rabine ou dans d\u2019autres stades. \u00c7a, notamment \u00e0 mon poste, c\u2019est un facteur qu\u2019il va falloir prendre en compte parce que sur les coups de pied, le ballon peut plus facilement sortir hors des lignes du terrain. Apr\u00e8s, concernant la largeur du terrain, je ne suis pas s\u00fbr qu\u2019il y ait forc\u00e9ment beaucoup d\u2019impact sur la strat\u00e9gie de jeu.<\/p>\n","protected":false},"excerpt":{"rendered":"Pro D2 (11e journ\u00e9e). RC Vannes &#8211; Grenoble, dimanche (21 h)\u00c7a fait quoi de se dire qu\u2018il y&hellip;\n","protected":false},"author":2,"featured_media":532709,"comment_status":"","ping_status":"","sticky":false,"template":"","format":"standard","meta":{"footnotes":""},"categories":[9566],"tags":[1111,11,2430,3166,1777,674,1011,27,2731,12,3164,25,479,60,3165],"class_list":{"0":"post-532708","1":"post","2":"type-post","3":"status-publish","4":"format-standard","5":"has-post-thumbnail","7":"category-grenoble","8":"tag-actu","9":"tag-actualites","10":"tag-auvergne-rhone-alpes","11":"tag-en-continu-sports","12":"tag-eu","13":"tag-europe","14":"tag-fr","15":"tag-france","16":"tag-grenoble","17":"tag-news","18":"tag-rc-vannes","19":"tag-republique-francaise","20":"tag-rugby","21":"tag-sports","22":"tag-vannes"},"share_on_mastodon":{"url":"https:\/\/pubeurope.com\/@fr\/115545762960667492","error":""},"_links":{"self":[{"href":"https:\/\/www.europesays.com\/fr\/wp-json\/wp\/v2\/posts\/532708","targetHints":{"allow":["GET"]}}],"collection":[{"href":"https:\/\/www.europesays.com\/fr\/wp-json\/wp\/v2\/posts"}],"about":[{"href":"https:\/\/www.europesays.com\/fr\/wp-json\/wp\/v2\/types\/post"}],"author":[{"embeddable":true,"href":"https:\/\/www.europesays.com\/fr\/wp-json\/wp\/v2\/users\/2"}],"replies":[{"embeddable":true,"href":"https:\/\/www.europesays.com\/fr\/wp-json\/wp\/v2\/comments?post=532708"}],"version-history":[{"count":0,"href":"https:\/\/www.europesays.com\/fr\/wp-json\/wp\/v2\/posts\/532708\/revisions"}],"wp:featuredmedia":[{"embeddable":true,"href":"https:\/\/www.europesays.com\/fr\/wp-json\/wp\/v2\/media\/532709"}],"wp:attachment":[{"href":"https:\/\/www.europesays.com\/fr\/wp-json\/wp\/v2\/media?parent=532708"}],"wp:term":[{"taxonomy":"category","embeddable":true,"href":"https:\/\/www.europesays.com\/fr\/wp-json\/wp\/v2\/categories?post=532708"},{"taxonomy":"post_tag","embeddable":true,"href":"https:\/\/www.europesays.com\/fr\/wp-json\/wp\/v2\/tags?post=532708"}],"curies":[{"name":"wp","href":"https:\/\/api.w.org\/{rel}","templated":true}]}}