{"id":532710,"date":"2025-11-14T02:46:18","date_gmt":"2025-11-14T02:46:18","guid":{"rendered":"https:\/\/www.europesays.com\/fr\/532710\/"},"modified":"2025-11-14T02:46:18","modified_gmt":"2025-11-14T02:46:18","slug":"le-commissariat-de-villejean-va-pouvoir-rouvrir-voici-quand","status":"publish","type":"post","link":"https:\/\/www.europesays.com\/fr\/532710\/","title":{"rendered":"le commissariat de Villejean va pouvoir rouvrir, voici quand"},"content":{"rendered":"<p>                    Par<br \/>\n        <strong><br \/>\n            <a href=\"https:\/\/actu.fr\/auteur\/laurene-fertin\" title=\"Consulter tous les articles de Laur\u00e8ne Fertin\" rel=\"nofollow noopener\" target=\"_blank\">Laur\u00e8ne Fertin<\/a><br \/>\n                    <\/strong><\/p>\n<p>        Publi\u00e9 le<\/p>\n<p>            13 nov. 2025 \u00e0 17h14        <\/p>\n<p><strong>L\u2019h\u00f4tel de police<\/strong> du quartier <strong>Villejean,<\/strong> \u00e0 Rennes, est <strong>ferm\u00e9<\/strong> depuis le 20\u00a0octobre 2025. Une fermeture temporaire et <strong>\u00ab\u2009ind\u00e9termin\u00e9e\u2009\u00bb,<\/strong> pr\u00e9cisait alors la Ville de Rennes.<\/p>\n<p class=\" wall-content\">Nous vous l\u2019expliquions dans<a href=\"https:\/\/actu.fr\/bretagne\/rennes_35238\/a-rennes-le-commissariat-de-villejean-ferme-pour-une-duree-indeterminee_63428698.html\" rel=\"nofollow noopener\" target=\"_blank\"> cet article<\/a>, les \u00ab\u2009plaintiers\u2009\u00bb, ces agents charg\u00e9s \u2013 entre autres \u2013 de recueillir les plaintes, ne sont plus pr\u00e9sents au sein de l\u2019\u00e9tablissement. Comme le pr\u00e9cise le chef de Circonscription de la Police nationale de Rennes, par le biais d\u2019un communiqu\u00e9, ces absences r\u00e9sultent de la \u00ab\u2009conjonction de <strong>plusieurs arr\u00eats maladies<\/strong> ou d\u2019am\u00e9nagements de poste en raison de consid\u00e9rations m\u00e9dicales\u2009\u00bb.<\/p>\n<p>Ferm\u00e9 pour \u00ab\u2009des raisons de s\u00e9curit\u00e9\u2009\u00bb<\/p>\n<p class=\" wall-content\">Pourtant, et depuis le mois de septembre,<strong> \u00ab\u2009des solutions<\/strong> avaient \u00e9t\u00e9 mises en place\u2009\u00bb afin de maintenir le service d\u2019accueil du public et de la prise de plainte. Malheureusement, \u00ab\u2009la suspension a \u00e9t\u00e9 d\u00e9cid\u00e9e pour des raisons de s\u00e9curit\u00e9\u2009\u00bb\u2009:<\/p>\n<blockquote class=\"ac-article-quote wall-content\">\n<p>l&rsquo;agente administrative d\u2019accueil ne pouvant rester seule sans effectif arm\u00e9 au sein du commissariat.\n<\/p>\n<p>    <strong>Chef de la Circonscription de la Police nationale de Rennes<\/strong>\n            <\/p><\/blockquote>\n<p>Une r\u00e9ouverture d\u00e8s vendredi 14\u00a0novembre<\/p>\n<p class=\" wall-content\">Pour autant, <strong>l\u2019activit\u00e9<\/strong> du commissariat <strong>ne s\u2019est pas arr\u00eat\u00e9e<\/strong>\u2009: \u00ab\u00a0la s\u00e9curisation du secteur Villejean par les agents de voie publique est rest\u00e9e active\u00a0\u00bb, notamment avec \u00ab\u00a0les effectifs de la BST (Brigade sp\u00e9cialis\u00e9e de terrain) [\u2026] appuy\u00e9e par les autres unit\u00e9s de la circonscription de police nationale\u00a0\u00bb.<\/p>\n<p class=\" wall-content\"><strong>Des solutions<\/strong> ont \u00e9t\u00e9 d\u00e9cid\u00e9es <strong>en interne<\/strong> \u00ab\u2009afin de red\u00e9ployer des effectifs\u2009\u00bb et faire en sorte que le commissariat soit \u00ab\u2009\u00e0 nouveau op\u00e9rationnel d\u00e8s le vendredi 14\u00a0novembre au matin\u2009\u00bb.<\/p>\n<p class=\" wall-content\">Personnalisez votre actualit\u00e9 en ajoutant vos villes et m\u00e9dias en favori avec <a href=\"https:\/\/moncompte.actu.fr\" title=\"D\u00e9couvez Mon Actu\" rel=\"nofollow noopener\" data-trk=\"{&quot;cta&quot;:{&quot;action&quot;:&quot;https:\\\/\\\/moncompte.actu.fr&quot;,&quot;category&quot;:&quot;mon compte&quot;,&quot;from&quot;:&quot;article footer&quot;,&quot;name&quot;:&quot;Mon actu&quot;,&quot;type&quot;:&quot;cta&quot;}}\" target=\"_blank\">Mon Actu<\/a>.<\/p>\n","protected":false},"excerpt":{"rendered":"Par Laur\u00e8ne Fertin Publi\u00e9 le 13 nov. 2025 \u00e0 17h14 L\u2019h\u00f4tel de police du quartier Villejean, \u00e0 Rennes,&hellip;\n","protected":false},"author":2,"featured_media":532711,"comment_status":"","ping_status":"","sticky":false,"template":"","format":"standard","meta":{"footnotes":""},"categories":[2821],"tags":[1111,11,829,1777,674,118,1011,27,12,1072,584,25,5375],"class_list":{"0":"post-532710","1":"post","2":"type-post","3":"status-publish","4":"format-standard","5":"has-post-thumbnail","7":"category-rennes","8":"tag-actu","9":"tag-actualites","10":"tag-bretagne","11":"tag-eu","12":"tag-europe","13":"tag-faits-divers","14":"tag-fr","15":"tag-france","16":"tag-news","17":"tag-police","18":"tag-rennes","19":"tag-republique-francaise","20":"tag-villejean"},"share_on_mastodon":{"url":"https:\/\/pubeurope.com\/@fr\/115545766885489271","error":""},"_links":{"self":[{"href":"https:\/\/www.europesays.com\/fr\/wp-json\/wp\/v2\/posts\/532710","targetHints":{"allow":["GET"]}}],"collection":[{"href":"https:\/\/www.europesays.com\/fr\/wp-json\/wp\/v2\/posts"}],"about":[{"href":"https:\/\/www.europesays.com\/fr\/wp-json\/wp\/v2\/types\/post"}],"author":[{"embeddable":true,"href":"https:\/\/www.europesays.com\/fr\/wp-json\/wp\/v2\/users\/2"}],"replies":[{"embeddable":true,"href":"https:\/\/www.europesays.com\/fr\/wp-json\/wp\/v2\/comments?post=532710"}],"version-history":[{"count":0,"href":"https:\/\/www.europesays.com\/fr\/wp-json\/wp\/v2\/posts\/532710\/revisions"}],"wp:featuredmedia":[{"embeddable":true,"href":"https:\/\/www.europesays.com\/fr\/wp-json\/wp\/v2\/media\/532711"}],"wp:attachment":[{"href":"https:\/\/www.europesays.com\/fr\/wp-json\/wp\/v2\/media?parent=532710"}],"wp:term":[{"taxonomy":"category","embeddable":true,"href":"https:\/\/www.europesays.com\/fr\/wp-json\/wp\/v2\/categories?post=532710"},{"taxonomy":"post_tag","embeddable":true,"href":"https:\/\/www.europesays.com\/fr\/wp-json\/wp\/v2\/tags?post=532710"}],"curies":[{"name":"wp","href":"https:\/\/api.w.org\/{rel}","templated":true}]}}