{"id":532714,"date":"2025-11-14T02:48:16","date_gmt":"2025-11-14T02:48:16","guid":{"rendered":"https:\/\/www.europesays.com\/fr\/532714\/"},"modified":"2025-11-14T02:48:16","modified_gmt":"2025-11-14T02:48:16","slug":"la-police-lance-un-appel-a-temoins-8","status":"publish","type":"post","link":"https:\/\/www.europesays.com\/fr\/532714\/","title":{"rendered":"la police lance un appel \u00e0 t\u00e9moins"},"content":{"rendered":"<p>                    Par<br \/>\n        <strong><br \/>\n            <a href=\"https:\/\/actu.fr\/auteur\/amandine-mehl\" title=\"Consulter tous les articles de Amandine Mehl\" rel=\"nofollow noopener\" target=\"_blank\">Amandine Mehl<\/a><br \/>\n                    <\/strong><\/p>\n<p>        Publi\u00e9 le<\/p>\n<p>            13 nov. 2025 \u00e0 17h56        <\/p>\n<p>Avez-vous vu <strong>Johny Philippe Mancuso<\/strong>\u2009? \u00c2g\u00e9 de <strong>50\u00a0ans<\/strong>, cet homme fait l\u2019objet d\u2019une <a href=\"https:\/\/actu.fr\/tag\/disparition\" rel=\"nofollow noopener\" target=\"_blank\">disparition inqui\u00e9tante<\/a> \u00e0 <strong>Strasbourg<\/strong>.<\/p>\n<p class=\" wall-content\">D\u2019apr\u00e8s la <a href=\"https:\/\/actu.fr\/tag\/police\" rel=\"nofollow noopener\" target=\"_blank\">police<\/a> nationale, qui a publi\u00e9 un <a href=\"https:\/\/actu.fr\/tag\/appel-a-temoins\" rel=\"nofollow noopener\" target=\"_blank\">appel \u00e0 t\u00e9moins<\/a> sur les r\u00e9seaux sociaux, l\u2019homme est <strong>port\u00e9 disparu<\/strong> depuis le dimanche 9\u00a0novembre 2025. Il a \u00e9t\u00e9 <strong>vu pour la derni\u00e8re fois \u00e0 l\u2019H\u00f4pital civil de Strasbourg <\/strong>d\u2019o\u00f9 il s\u2019est \u00e9chapp\u00e9.<\/p>\n<p>La police recherche Johny Philippe Mancuso<\/p>\n<p class=\" wall-content\">Au sein de la publication, on apprend que le quinquag\u00e9naire a des <strong>cheveux ch\u00e2tains mi-longs<\/strong>, les <strong>yeux verts<\/strong>, mesure <strong>1,70\u00a0m<\/strong> et est de <strong>corpulence normale<\/strong>. Mais aussi qu\u2019il pr\u00e9sente diff\u00e9rents <strong>tatouages<\/strong>, \u00e0 la main gauche, entre l\u2019index et le pouce, au coude gauche, \u00e0 l\u2019\u00e9paule gauche et \u00e0 la poitrine.<\/p>\n<p class=\" wall-content\">Les personnes susceptibles de d\u00e9tenir des informations pouvant faire avancer l\u2019enqu\u00eate sont invit\u00e9es \u00e0 contacter la brigade d\u2019atteinte aux personnes au <strong>03\u200990\u200923\u200913\u200905<\/strong>.<\/p>\n<p class=\" wall-content\">Personnalisez votre actualit\u00e9 en ajoutant vos villes et m\u00e9dias en favori avec <a href=\"https:\/\/moncompte.actu.fr\" title=\"D\u00e9couvez Mon Actu\" rel=\"nofollow noopener\" data-trk=\"{&quot;cta&quot;:{&quot;action&quot;:&quot;https:\\\/\\\/moncompte.actu.fr&quot;,&quot;category&quot;:&quot;mon compte&quot;,&quot;from&quot;:&quot;article footer&quot;,&quot;name&quot;:&quot;Mon actu&quot;,&quot;type&quot;:&quot;cta&quot;}}\" target=\"_blank\">Mon Actu<\/a>.<\/p>\n","protected":false},"excerpt":{"rendered":"Par Amandine Mehl Publi\u00e9 le 13 nov. 2025 \u00e0 17h56 Avez-vous vu Johny Philippe Mancuso\u2009? \u00c2g\u00e9 de 50\u00a0ans,&hellip;\n","protected":false},"author":2,"featured_media":532715,"comment_status":"","ping_status":"","sticky":false,"template":"","format":"standard","meta":{"footnotes":""},"categories":[2820],"tags":[1111,11,4260,3676,1777,674,118,1011,27,775,12,1072,25,640],"class_list":{"0":"post-532714","1":"post","2":"type-post","3":"status-publish","4":"format-standard","5":"has-post-thumbnail","7":"category-strasbourg","8":"tag-actu","9":"tag-actualites","10":"tag-appel-a-temoins","11":"tag-disparition-inquietante","12":"tag-eu","13":"tag-europe","14":"tag-faits-divers","15":"tag-fr","16":"tag-france","17":"tag-grand-est","18":"tag-news","19":"tag-police","20":"tag-republique-francaise","21":"tag-strasbourg"},"share_on_mastodon":{"url":"https:\/\/pubeurope.com\/@fr\/115545774720661357","error":""},"_links":{"self":[{"href":"https:\/\/www.europesays.com\/fr\/wp-json\/wp\/v2\/posts\/532714","targetHints":{"allow":["GET"]}}],"collection":[{"href":"https:\/\/www.europesays.com\/fr\/wp-json\/wp\/v2\/posts"}],"about":[{"href":"https:\/\/www.europesays.com\/fr\/wp-json\/wp\/v2\/types\/post"}],"author":[{"embeddable":true,"href":"https:\/\/www.europesays.com\/fr\/wp-json\/wp\/v2\/users\/2"}],"replies":[{"embeddable":true,"href":"https:\/\/www.europesays.com\/fr\/wp-json\/wp\/v2\/comments?post=532714"}],"version-history":[{"count":0,"href":"https:\/\/www.europesays.com\/fr\/wp-json\/wp\/v2\/posts\/532714\/revisions"}],"wp:featuredmedia":[{"embeddable":true,"href":"https:\/\/www.europesays.com\/fr\/wp-json\/wp\/v2\/media\/532715"}],"wp:attachment":[{"href":"https:\/\/www.europesays.com\/fr\/wp-json\/wp\/v2\/media?parent=532714"}],"wp:term":[{"taxonomy":"category","embeddable":true,"href":"https:\/\/www.europesays.com\/fr\/wp-json\/wp\/v2\/categories?post=532714"},{"taxonomy":"post_tag","embeddable":true,"href":"https:\/\/www.europesays.com\/fr\/wp-json\/wp\/v2\/tags?post=532714"}],"curies":[{"name":"wp","href":"https:\/\/api.w.org\/{rel}","templated":true}]}}