{"id":532718,"date":"2025-11-14T02:51:33","date_gmt":"2025-11-14T02:51:33","guid":{"rendered":"https:\/\/www.europesays.com\/fr\/532718\/"},"modified":"2025-11-14T02:51:33","modified_gmt":"2025-11-14T02:51:33","slug":"trente-ans-de-reclusion-requis-pour-un-meurtre-lors-dune-nuit-de-noel","status":"publish","type":"post","link":"https:\/\/www.europesays.com\/fr\/532718\/","title":{"rendered":"trente ans de r\u00e9clusion requis pour un meurtre lors d\u2019une nuit de No\u00ebl"},"content":{"rendered":"<p>\n    L\u2019enqu\u00eate s\u2019\u00e9tait orient\u00e9e vers un Ni\u00e7ois qui g\u00e9rait un point de deal et qui avait embauch\u00e9 deux Marseillais pour \u00e9liminer un concurrent mais qui ont abattu dans leur fuite un habitant du quartier.<\/p>\n<p class=\"fig-paragraph\">Trente ans de r\u00e9clusion ont \u00e9t\u00e9 requis jeudi contre un Marseillais de 26 ans, jug\u00e9 depuis dix jours devant la cour d\u2019assises des Alpes-Maritimes pour le meurtre d\u2019un jeune homme dans un quartier sensible de Nice\u00a0<a href=\"http:\/\/www.lefigaro.fr\/nice\/deux-marseillais-juges-a-nice-apres-un-meurtre-la-nuit-de-noel-en-2021-20251104\" data-fig-type=\"NewsFlash\" data-gtm-custom-categorie=\"navigation\" data-gtm-custom-action=\"crossclick\" data-gtm-custom-label=\"Contextuel\" data-gtm-event=\"customEventSPE\" data-fig-domain=\"LEFIGARO\" target=\"_blank\" rel=\"noopener\">la nuit de No\u00ebl 2021<\/a>. Ce soir-l\u00e0, trois hommes arm\u00e9s et le visage partiellement dissimul\u00e9 se sont rendus au quartier de Las Planas, dans le nord de la ville, o\u00f9 r\u00e9sidait un responsable d\u2019un groupe avec lequel ils se disputaient\u00a0<a href=\"http:\/\/www.lefigaro.fr\/nice\/reglement-de-comptes-a-nice-le-tireur-un-marseillais-de-20-ans-avait-ete-recrute-contre-2000-euros-20250205\" data-fig-type=\"NewsFlash\" data-gtm-custom-categorie=\"navigation\" data-gtm-custom-action=\"crossclick\" data-gtm-custom-label=\"Contextuel\" data-gtm-event=\"customEventSPE\" data-fig-domain=\"LEFIGARO\" target=\"_blank\" rel=\"noopener\">un point de deal<\/a>\u00a0dans un autre quartier.<\/p>\n<p class=\"fig-paragraph\">Leur objectif \u00e9tait d\u2019enlever ce rival pour le s\u00e9questrer dans une cave, mais ce dernier a r\u00e9ussi \u00e0 leur \u00e9chapper. \u00c0 leur tour pris en chasse, les trois hommes ont regagn\u00e9 leur voiture en courant mais l\u2019un d\u2019eux a tir\u00e9 et Ermelindo Goncalves, manutentionnaire de 24 ans qui les poursuivait, s\u2019est \u00e9croul\u00e9.<\/p>\n<p>                                    <a class=\"fig-a11y-skip a11y-hidden\" href=\"#fig-a11y-skip-main-inarticle\"><br \/>\n        Passer la publicit\u00e9<br \/>\n    <\/a><\/p>\n<p class=\"fig-paragraph\">L\u2019enqu\u00eate, bas\u00e9e notamment sur l\u2019analyse de cartouches, d\u2019un t\u00e9l\u00e9phone abandonn\u00e9 par le trio sur les lieux et de leur voiture vol\u00e9e retrouv\u00e9e en rase campagne, a conduit la police vers un Ni\u00e7ois soup\u00e7onn\u00e9 de diriger un point de deal r\u00e9mun\u00e9rateur et d\u2019avoir engag\u00e9 deux Marseillais pour l\u2019\u00e9pauler. L\u2019interpellation du groupe le 19 janvier 2022 dans le centre de Nice a vir\u00e9 au drame, lorsqu\u2019un quatri\u00e8me homme, qui n\u2019\u00e9tait pas pr\u00e9sent le soir de No\u00ebl, a \u00e9t\u00e9\u00a0<a href=\"http:\/\/www.lefigaro.fr\/faits-divers\/nice-un-homme-tue-par-un-policier-au-cours-d-une-interpellation-20220119\" data-fig-type=\"NewsFlash\" data-gtm-custom-categorie=\"navigation\" data-gtm-custom-action=\"crossclick\" data-gtm-custom-label=\"Contextuel\" data-gtm-event=\"customEventSPE\" data-fig-domain=\"LEFIGARO\" target=\"_blank\" rel=\"noopener\">tu\u00e9 par le tir accidentel d\u2019un policier<\/a>, condamn\u00e9 par la suite \u00e0 un an de prison avec sursis pour homicide involontaire.<\/p>\n<p>Un suspect dans la nature<\/p>\n<p class=\"fig-paragraph\">Le proc\u00e8s aux assises s\u2019est d\u00e9roul\u00e9 sans le Ni\u00e7ois, qui s\u2019est \u00e9vanoui dans la nature \u00e0 la faveur d\u2019une remise en libert\u00e9 provisoire. Lors de l\u2019enqu\u00eate comme \u00e0 l\u2019audience, Bastien G., accus\u00e9 d\u2019avoir \u00e9t\u00e9 le tireur, et Yoann L., jug\u00e9 pour association de malfaiteurs pour le projet d\u2019enl\u00e8vement, ont r\u00e9fut\u00e9 toute implication, assurant qu\u2019ils ne faisaient que squatter occasionnellement dans le quartier de Las Planas.<\/p>\n<p class=\"fig-paragraph\">Leurs avocats ont d\u00e9nonc\u00e9 des contradictions dans les r\u00e9cits parcellaires des nombreux t\u00e9moins et des manquements des enqu\u00eateurs, estimant que des pistes avaient pu \u00eatre \u00e9cart\u00e9es pour prot\u00e9ger des informateurs de la police. Ermelindo Goncalves a \u00e9t\u00e9 touch\u00e9 dans le dos. Avait-il fait demi-tour face \u00e0 la menace de l\u2019arme du tireur ou aurait-il \u00e9t\u00e9 touch\u00e9 accidentellement par un tir provenant du groupe de poursuivants, dont il avait pris la t\u00eate\u00a0?<\/p>\n<p class=\"fig-paragraph\">Pour l\u2019avocate g\u00e9n\u00e9rale, c\u2019est bien Bastien G. qui a tir\u00e9, \u00abpar fiert\u00e9, comme un doigt d\u2019honneur\u00bb \u00e0 ces jeunes qui avaient refus\u00e9 d\u2019avoir peur de lui. Son mutisme montre qu\u2019il est \u00abprisonnier de son milieu de trafiquants, de la loi du silence o\u00f9 personne n\u2019assume rien\u00bb et qu\u2019il risque de le rester encore des ann\u00e9es, a-t-elle ajout\u00e9.<\/p>\n<p class=\"fig-paragraph\">\u00abIl faut que Nice, \u00e7a ne devienne pas Marseille\u00bb, a-t-elle lanc\u00e9, quand Me Jean-Yves Garino, avocat de Bastien G., a estim\u00e9 que ce dernier \u00e9tait un \u00abbouc \u00e9missaire\u00bb des autorit\u00e9s pour pallier leur incapacit\u00e9 \u00e0 r\u00e9sorber les trafics. Le verdict est attendu en d\u00e9but de soir\u00e9e.<\/p>\n","protected":false},"excerpt":{"rendered":"L\u2019enqu\u00eate s\u2019\u00e9tait orient\u00e9e vers un Ni\u00e7ois qui g\u00e9rait un point de deal et qui avait embauch\u00e9 deux Marseillais&hellip;\n","protected":false},"author":2,"featured_media":532719,"comment_status":"","ping_status":"","sticky":false,"template":"","format":"standard","meta":{"footnotes":""},"categories":[2819],"tags":[1111,11,20851,1777,674,1011,27,777,8721,12,2401,882,25],"class_list":{"0":"post-532718","1":"post","2":"type-post","3":"status-publish","4":"format-standard","5":"has-post-thumbnail","7":"category-nice","8":"tag-actu","9":"tag-actualites","10":"tag-cour-dassises","11":"tag-eu","12":"tag-europe","13":"tag-fr","14":"tag-france","15":"tag-meurtre","16":"tag-narcotrafic","17":"tag-news","18":"tag-nice","19":"tag-provence-alpes-cote-dazur","20":"tag-republique-francaise"},"share_on_mastodon":{"url":"https:\/\/pubeurope.com\/@fr\/115545786537997900","error":""},"_links":{"self":[{"href":"https:\/\/www.europesays.com\/fr\/wp-json\/wp\/v2\/posts\/532718","targetHints":{"allow":["GET"]}}],"collection":[{"href":"https:\/\/www.europesays.com\/fr\/wp-json\/wp\/v2\/posts"}],"about":[{"href":"https:\/\/www.europesays.com\/fr\/wp-json\/wp\/v2\/types\/post"}],"author":[{"embeddable":true,"href":"https:\/\/www.europesays.com\/fr\/wp-json\/wp\/v2\/users\/2"}],"replies":[{"embeddable":true,"href":"https:\/\/www.europesays.com\/fr\/wp-json\/wp\/v2\/comments?post=532718"}],"version-history":[{"count":0,"href":"https:\/\/www.europesays.com\/fr\/wp-json\/wp\/v2\/posts\/532718\/revisions"}],"wp:featuredmedia":[{"embeddable":true,"href":"https:\/\/www.europesays.com\/fr\/wp-json\/wp\/v2\/media\/532719"}],"wp:attachment":[{"href":"https:\/\/www.europesays.com\/fr\/wp-json\/wp\/v2\/media?parent=532718"}],"wp:term":[{"taxonomy":"category","embeddable":true,"href":"https:\/\/www.europesays.com\/fr\/wp-json\/wp\/v2\/categories?post=532718"},{"taxonomy":"post_tag","embeddable":true,"href":"https:\/\/www.europesays.com\/fr\/wp-json\/wp\/v2\/tags?post=532718"}],"curies":[{"name":"wp","href":"https:\/\/api.w.org\/{rel}","templated":true}]}}