{"id":532727,"date":"2025-11-14T02:56:15","date_gmt":"2025-11-14T02:56:15","guid":{"rendered":"https:\/\/www.europesays.com\/fr\/532727\/"},"modified":"2025-11-14T02:56:15","modified_gmt":"2025-11-14T02:56:15","slug":"la-cci-de-toulouse-reorganise-une-matinee-sur-la-rse","status":"publish","type":"post","link":"https:\/\/www.europesays.com\/fr\/532727\/","title":{"rendered":"La CCI de Toulouse r\u00e9organise une matin\u00e9e sur la RSE"},"content":{"rendered":"<p>La Chambre de commerce et d\u2019industrie de Toulouse (CCI) organise, le 21\u00a0novembre, une conf\u00e9rence autour de la responsabilit\u00e9 soci\u00e9tale des entreprises (RSE). Quelles sont les origines de la RSE\u00a0? Comment s\u2019inscrire dans le cadre des <a href=\"https:\/\/www.agenda-2030.fr\/17-objectifs-de-developpement-durable\/?\" class=\"spip_out\" rel=\"external noopener\" target=\"_blank\">17 objectifs de d\u00e9veloppement durable de l\u2019ONU<\/a>\u00a0? Quels sont les aspects r\u00e8glementaires \u00e0 ma\u00eetriser\u00a0? Quels b\u00e9n\u00e9fices d\u00e9coulent de la mise en place de cette d\u00e9marche\u00a0? Comment la mettre en \u0153uvre et la valoriser\u00a0?<\/p>\n<p>Autant de questions qui seront abord\u00e9es au cours de cette conf\u00e9rence, qui s\u2019inscrit dans la cadre de la feuille de route \u00ab\u00a0Ambition 2026\u00a0\u00bb de Toulouse M\u00e9tropole \u00ab\u00a0pour une \u00e9conomie innovante et durable\u00a0\u00bb. Un conseiller CCI apportera un d\u00e9cryptage complet et r\u00e9pondra aux questions. <a href=\"https:\/\/www.toulouse.cci.fr\/evenement\/matinee-rse-3\" class=\"spip_out\" rel=\"external noopener\" target=\"_blank\">Plus d\u2019informations<\/a> et <a href=\"https:\/\/www.toulouse.cci.fr\/webform\/eonomie_circulaire_atelier_rse_d\" class=\"spip_out\" rel=\"external noopener\" target=\"_blank\">inscriptions<\/a> en ligne.<\/p>\n<p>Matin\u00e9e RSE de la CCI de Toulouse. Le vendredi 21\u00a0novembre, de 9h \u00e0 11h, \u00e0 la CCI de Toulouse, 2 rue d\u2019Alsace-Lorraine.<\/p>\n","protected":false},"excerpt":{"rendered":"La Chambre de commerce et d\u2019industrie de Toulouse (CCI) organise, le 21\u00a0novembre, une conf\u00e9rence autour de la responsabilit\u00e9&hellip;\n","protected":false},"author":2,"featured_media":373637,"comment_status":"","ping_status":"","sticky":false,"template":"","format":"standard","meta":{"footnotes":""},"categories":[2816],"tags":[1111,11,50761,12223,1777,674,1011,27,12,2680,25,2312,1090,16155],"class_list":{"0":"post-532727","1":"post","2":"type-post","3":"status-publish","4":"format-standard","5":"has-post-thumbnail","7":"category-toulouse","8":"tag-actu","9":"tag-actualites","10":"tag-cci-de-toulouse","11":"tag-durable","12":"tag-eu","13":"tag-europe","14":"tag-fr","15":"tag-france","16":"tag-news","17":"tag-occitanie","18":"tag-republique-francaise","19":"tag-toulouse","20":"tag-toulouse-metropole","21":"tag-transition-ecologique"},"share_on_mastodon":{"url":"https:\/\/pubeurope.com\/@fr\/115545806229399421","error":""},"_links":{"self":[{"href":"https:\/\/www.europesays.com\/fr\/wp-json\/wp\/v2\/posts\/532727","targetHints":{"allow":["GET"]}}],"collection":[{"href":"https:\/\/www.europesays.com\/fr\/wp-json\/wp\/v2\/posts"}],"about":[{"href":"https:\/\/www.europesays.com\/fr\/wp-json\/wp\/v2\/types\/post"}],"author":[{"embeddable":true,"href":"https:\/\/www.europesays.com\/fr\/wp-json\/wp\/v2\/users\/2"}],"replies":[{"embeddable":true,"href":"https:\/\/www.europesays.com\/fr\/wp-json\/wp\/v2\/comments?post=532727"}],"version-history":[{"count":0,"href":"https:\/\/www.europesays.com\/fr\/wp-json\/wp\/v2\/posts\/532727\/revisions"}],"wp:featuredmedia":[{"embeddable":true,"href":"https:\/\/www.europesays.com\/fr\/wp-json\/wp\/v2\/media\/373637"}],"wp:attachment":[{"href":"https:\/\/www.europesays.com\/fr\/wp-json\/wp\/v2\/media?parent=532727"}],"wp:term":[{"taxonomy":"category","embeddable":true,"href":"https:\/\/www.europesays.com\/fr\/wp-json\/wp\/v2\/categories?post=532727"},{"taxonomy":"post_tag","embeddable":true,"href":"https:\/\/www.europesays.com\/fr\/wp-json\/wp\/v2\/tags?post=532727"}],"curies":[{"name":"wp","href":"https:\/\/api.w.org\/{rel}","templated":true}]}}