{"id":532734,"date":"2025-11-14T03:02:20","date_gmt":"2025-11-14T03:02:20","guid":{"rendered":"https:\/\/www.europesays.com\/fr\/532734\/"},"modified":"2025-11-14T03:02:20","modified_gmt":"2025-11-14T03:02:20","slug":"marseille-la-police-tombe-sur-une-impressionnante-cargaison-interdite-dans-ce-magasin","status":"publish","type":"post","link":"https:\/\/www.europesays.com\/fr\/532734\/","title":{"rendered":"Marseille. La police tombe sur une impressionnante cargaison interdite dans ce magasin"},"content":{"rendered":"<p>                    Par<br \/>\n        <strong><br \/>\n            <a href=\"https:\/\/actu.fr\/auteur\/fabien-binacchi\" title=\"Consulter tous les articles de Fabien Binacchi\" target=\"_blank\" rel=\"noopener\">Fabien Binacchi<\/a><br \/>\n                    <\/strong><\/p>\n<p>        Publi\u00e9 le<\/p>\n<p>            13 nov. 2025 \u00e0 15h23        <\/p>\n<p>La <a href=\"https:\/\/actu.fr\/provence-alpes-cote-d-azur\/marseille_13055\/securite-a-marseille-la-gauche-a-fait-plus-en-5-ans-que-la-droite-en-25-ans-lance-yannick-ohanessian_63277749.html\" target=\"_blank\" rel=\"noopener\">police municipale<\/a> de <a href=\"https:\/\/actu.fr\/marseille\/\" target=\"_blank\" rel=\"noopener\">Marseille<\/a> a mis la main sur une impressionnante cargaison ill\u00e9gale ce jeudi 13\u00a0novembre 2025. Des agents ont saisi plus de 1600 cigarettes \u00e9lectroniques jetables, <strong>les fameuses \u00ab\u2009puffs\u2009\u00bb,<\/strong> qui \u00e9taient vendues dans un magasin d\u2019alimentation.<\/p>\n<p class=\" wall-content\">La loi fran\u00e7aise en interdit la commercialisation depuis le d\u00e9but de l\u2019ann\u00e9e.<\/p>\n<p>Expos\u00e9es en devanture malgr\u00e9 l\u2019interdiction<\/p>\n<p class=\" wall-content\">Une d\u00e9couverte au hasard d\u2019une mission \u00ab\u2009d\u2019\u00eelotage\u2009\u00bb. Ce jeudi matin, alors qu\u2019ils se trouvaient dans le 1er arrondissement, des agents de la police municipale ont eu \u00ab\u2009le regard attir\u00e9 par des puffs en publicit\u00e9\u2009\u00bb dans la devanture d\u2019un magasin d\u2019alimentation, au <strong>2 boulevard de la Lib\u00e9ration,<\/strong> indique une source polici\u00e8re \u00e0 actu Marseille.<\/p>\n<p class=\" wall-content\">Un contr\u00f4le est lanc\u00e9 \u00e0 l\u2019int\u00e9rieur du commerce. Bonne pioche\u2009: \u00ab\u2009Ils d\u00e9couvrent des milliers de puffs expos\u00e9es sur un pr\u00e9sentoir\u2009\u00bb, pr\u00e9cise la m\u00eame source.<\/p>\n<p>Consomm\u00e9es notamment par des ados<\/p>\n<p class=\" wall-content\">La \u00ab\u2009vente ill\u00e9gale\u2009\u00bb est constat\u00e9e. En effet, depuis le 24\u00a0f\u00e9vrier 2025, une loi interdit <strong>\u00ab\u2009les dispositifs \u00e9lectroniques de vapotage \u00e0 usage unique\u2009\u00bb.<\/strong> Une d\u00e9cision notamment prise car ces \u00ab\u2009puffs\u2009\u00bb \u00e9taient en grande partie \u00ab\u2009consomm\u00e9es par des adolescents malgr\u00e9 une interdiction de vente aux mineurs\u2009\u00bb, rappelle <a href=\"https:\/\/www.service-public.gouv.fr\/particuliers\/actualites\/A18103\" target=\"_blank\" rel=\"noopener\">le site service-public.gouv.fr.<\/a><\/p>\n<blockquote class=\"ac-article-quote wall-content\">\n<p>Sont interdites la d\u00e9tention en vue de la vente, de la distribution ou de l&rsquo;offre \u00e0 titre gratuit, la mise en vente, la vente, la distribution ou l&rsquo;offre \u00e0 titre gratuit des dispositifs \u00e9lectroniques de vapotage [&#8230;] qui sont pr\u00e9remplis avec un liquide et ne peuvent \u00eatre remplis \u00e0 nouveau [&#8230;]<\/p>\n<p>    <strong>Texte de loi n\u00b02025-175<\/strong>\n            <\/p><\/blockquote>\n<p>Jusqu\u2019\u00e0 200\u2009000\u00a0euros d\u2019amende<\/p>\n<p class=\" wall-content\">Sollicit\u00e9 par les agents municipaux, un officier de police judiciaire leur a demand\u00e9 de saisir l\u2019ensemble des marchandises. Au total, <strong>1643 puffs et 173 recharges<\/strong> ont \u00e9t\u00e9 r\u00e9cup\u00e9r\u00e9es.<\/p>\n<p>Votre r\u00e9gion, votre actu !<\/p>\n<p>Recevez chaque jour les infos qui comptent pour vous.<\/p>\n<p>\t<a href=\"https:\/\/actu.fr\/newsletter\" class=\"ac-btn ac-btn--corner ac-btn--medium ac-btn--blue800\" target=\"_blank\" rel=\"noopener\">S&rsquo;incrire<\/a><\/p>\n<p class=\" wall-content\">Aucune fermeture administrative n\u2019a \u00e9t\u00e9 ordonn\u00e9e \u00e0 cette heure mais le commer\u00e7ant, qui cherchait peut-\u00eatre \u00e0 \u00e9couler des stocks, s\u2019expose \u00e0 des poursuites. La loi pr\u00e9voit en effet que \u00ab\u2009la violation des interdictions mises en place est sanctionn\u00e9e d\u2019une amende pouvant atteindre <strong>100\u2009000\u00a0euros\u2009\u00bb et m\u00eame \u00ab\u2009200\u2009000\u00a0euros en cas de r\u00e9cidive\u2009\u00bb.<\/strong><\/p>\n<p class=\" wall-content\">Personnalisez votre actualit\u00e9 en ajoutant vos villes et m\u00e9dias en favori avec <a href=\"https:\/\/moncompte.actu.fr\" title=\"D\u00e9couvez Mon Actu\" rel=\"nofollow noopener\" data-trk=\"{&quot;cta&quot;:{&quot;action&quot;:&quot;https:\\\/\\\/moncompte.actu.fr&quot;,&quot;category&quot;:&quot;mon compte&quot;,&quot;from&quot;:&quot;article footer&quot;,&quot;name&quot;:&quot;Mon actu&quot;,&quot;type&quot;:&quot;cta&quot;}}\" target=\"_blank\">Mon Actu<\/a>.<\/p>\n","protected":false},"excerpt":{"rendered":"Par Fabien Binacchi Publi\u00e9 le 13 nov. 2025 \u00e0 15h23 La police municipale de Marseille a mis la&hellip;\n","protected":false},"author":2,"featured_media":532735,"comment_status":"","ping_status":"","sticky":false,"template":"","format":"standard","meta":{"footnotes":""},"categories":[2814],"tags":[1111,11,6584,1777,674,118,1011,27,884,12,1072,882,25],"class_list":{"0":"post-532734","1":"post","2":"type-post","3":"status-publish","4":"format-standard","5":"has-post-thumbnail","7":"category-marseille","8":"tag-actu","9":"tag-actualites","10":"tag-cigarette-electronique","11":"tag-eu","12":"tag-europe","13":"tag-faits-divers","14":"tag-fr","15":"tag-france","16":"tag-marseille","17":"tag-news","18":"tag-police","19":"tag-provence-alpes-cote-dazur","20":"tag-republique-francaise"},"share_on_mastodon":{"url":"https:\/\/pubeurope.com\/@fr\/115545829799378588","error":""},"_links":{"self":[{"href":"https:\/\/www.europesays.com\/fr\/wp-json\/wp\/v2\/posts\/532734","targetHints":{"allow":["GET"]}}],"collection":[{"href":"https:\/\/www.europesays.com\/fr\/wp-json\/wp\/v2\/posts"}],"about":[{"href":"https:\/\/www.europesays.com\/fr\/wp-json\/wp\/v2\/types\/post"}],"author":[{"embeddable":true,"href":"https:\/\/www.europesays.com\/fr\/wp-json\/wp\/v2\/users\/2"}],"replies":[{"embeddable":true,"href":"https:\/\/www.europesays.com\/fr\/wp-json\/wp\/v2\/comments?post=532734"}],"version-history":[{"count":0,"href":"https:\/\/www.europesays.com\/fr\/wp-json\/wp\/v2\/posts\/532734\/revisions"}],"wp:featuredmedia":[{"embeddable":true,"href":"https:\/\/www.europesays.com\/fr\/wp-json\/wp\/v2\/media\/532735"}],"wp:attachment":[{"href":"https:\/\/www.europesays.com\/fr\/wp-json\/wp\/v2\/media?parent=532734"}],"wp:term":[{"taxonomy":"category","embeddable":true,"href":"https:\/\/www.europesays.com\/fr\/wp-json\/wp\/v2\/categories?post=532734"},{"taxonomy":"post_tag","embeddable":true,"href":"https:\/\/www.europesays.com\/fr\/wp-json\/wp\/v2\/tags?post=532734"}],"curies":[{"name":"wp","href":"https:\/\/api.w.org\/{rel}","templated":true}]}}