{"id":532738,"date":"2025-11-14T03:04:14","date_gmt":"2025-11-14T03:04:14","guid":{"rendered":"https:\/\/www.europesays.com\/fr\/532738\/"},"modified":"2025-11-14T03:04:14","modified_gmt":"2025-11-14T03:04:14","slug":"gregory-doucet-dans-le-top-10-des-maires-les-plus-mediatises-de-lannee-en-france","status":"publish","type":"post","link":"https:\/\/www.europesays.com\/fr\/532738\/","title":{"rendered":"Gr\u00e9gory Doucet dans le top 10 des maires les plus m\u00e9diatis\u00e9s de l&rsquo;ann\u00e9e en France"},"content":{"rendered":"<p itemprop=\"description\"><strong>Parle-t-on de <a href=\"https:\/\/www.lyonmag.com\/profil-personnalite-lyonnaise\/504\/gregory-doucet\" target=\"_blank\" rel=\"noopener\">Gr\u00e9gory Doucet<\/a> en dehors des colonnes de LyonMag et des autres m\u00e9dias lyonnais ?<\/strong><\/p>\n<p>La r\u00e9ponse est oui selon nos confr\u00e8res de <a href=\"https:\/\/www.ouest-france.fr\/politique\/edouard-philippe-anne-hidalgo-et-christian-estrosi-puis-tous-les-autres-voici-les-maires-les-plus-mediatises-en-2025-b77d5164-bb4e-11f0-b227-510f72443e00\" target=\"_blank\" rel=\"noopener\">Ouest-France<\/a> qui publient avec la plateforme Tagaday la 3e \u00e9dition de leur barom\u00e8tre m\u00e9diatique.<\/p>\n<p>Au petit jeu du maire le plus m\u00e9diatis\u00e9 de France, c&rsquo;est logiquement Edouard Philippe qui l&#8217;emporte. Une premi\u00e8re place en trompe-l\u2019\u0153il, puisque le maire du Havre est davantage cit\u00e9 dans les contenus journalistiques (presse \u00e9crite\/web, radio et TV) pour ses ambitions nationales que pour le travail dans sa ville portuaire.<\/p>\n<p>Avec 49 875 contenus recens\u00e9s en 2025, il devance tr\u00e8s largement\u00a0<a href=\"https:\/\/www.lyonmag.com\/profil-personnalite-lyonnaise\/396\/anne-hidalgo\" target=\"_blank\" rel=\"noopener\">Anne Hidalgo<\/a>, la Duch\u00e9roise maire de Paris (27 900) et Christian Estrosi, le maire de Nice (23 653) qui compl\u00e8tent le podium.<\/p>\n<p>Devanc\u00e9 par les maires de Marseille et Rouen, Gr\u00e9gory Doucet gagne une place par rapport \u00e0 2024.<\/p>\n<p>L&rsquo;\u00e9dile \u00e9cologiste de Lyon est 6e cette ann\u00e9e, avec 11 780 contenus, soit 4115 contenus de plus \u00e0 l&rsquo;approche des \u00e9lections municipales. Boud\u00e9 par les grands m\u00e9dias nationaux hors presse \u00e9crite car pas consid\u00e9r\u00e9 comme un \u00ab\u00a0bon client\u00a0\u00bb, et peu souvent appel\u00e9 pour commenter les positions nationales des Ecologistes, Gr\u00e9gory Doucet peine \u00e0 faire valoir son titre de maire de la 3e ville de France.<\/p>\n<p>L&rsquo;\u00e9pisode de sa garde \u00e0 vue en avril dernier dans l&rsquo;affaire des charg\u00e9s de mission de la Ville de Lyon a probablement contribu\u00e9 \u00e0 sa mise en lumi\u00e8re \u00e0 l&rsquo;\u00e9chelle nationale.<\/p>\n<p>L&rsquo;autre premier magistrat de l&rsquo;agglom\u00e9ration \u00e0 figurer dans le classement est\u00a0<a href=\"https:\/\/www.lyonmag.com\/profil-personnalite-lyonnaise\/503\/cedric-van-styvendael\" target=\"_blank\" rel=\"noopener\">C\u00e9dric Van Styvendael<\/a>, maire PS de Villeurbanne. Il est 35e, avec une place en moins et 1357 contenus journalistiques le citant recens\u00e9s.<\/p>\n<p>A noter que dans la m\u00e9thode de Tagaday, le m\u00eame sujet trait\u00e9 par plusieurs titres r\u00e9gionaux n&rsquo;est comptabilis\u00e9 qu&rsquo;une fois.<\/p>\n","protected":false},"excerpt":{"rendered":"Parle-t-on de Gr\u00e9gory Doucet en dehors des colonnes de LyonMag et des autres m\u00e9dias lyonnais ? La r\u00e9ponse&hellip;\n","protected":false},"author":2,"featured_media":532739,"comment_status":"","ping_status":"","sticky":false,"template":"","format":"standard","meta":{"footnotes":""},"categories":[1889],"tags":[1111,11,2813,2190,2430,1109,251,1112,2811,1777,674,118,1011,27,1922,1110,1114,2428,2810,12,241,316,25,2812,517,800],"class_list":{"0":"post-532738","1":"post","2":"type-post","3":"status-publish","4":"format-standard","5":"has-post-thumbnail","7":"category-lyon","8":"tag-actu","9":"tag-actualites","10":"tag-article","11":"tag-asvel","12":"tag-auvergne-rhone-alpes","13":"tag-breves","14":"tag-culture","15":"tag-depeches","16":"tag-economique","17":"tag-eu","18":"tag-europe","19":"tag-faits-divers","20":"tag-fr","21":"tag-france","22":"tag-info","23":"tag-informations","24":"tag-infos","25":"tag-lyon","26":"tag-lyonmag","27":"tag-news","28":"tag-ol","29":"tag-politique","30":"tag-republique-francaise","31":"tag-sociale","32":"tag-sport","33":"tag-transports"},"share_on_mastodon":{"url":"https:\/\/pubeurope.com\/@fr\/115545837996442412","error":""},"_links":{"self":[{"href":"https:\/\/www.europesays.com\/fr\/wp-json\/wp\/v2\/posts\/532738","targetHints":{"allow":["GET"]}}],"collection":[{"href":"https:\/\/www.europesays.com\/fr\/wp-json\/wp\/v2\/posts"}],"about":[{"href":"https:\/\/www.europesays.com\/fr\/wp-json\/wp\/v2\/types\/post"}],"author":[{"embeddable":true,"href":"https:\/\/www.europesays.com\/fr\/wp-json\/wp\/v2\/users\/2"}],"replies":[{"embeddable":true,"href":"https:\/\/www.europesays.com\/fr\/wp-json\/wp\/v2\/comments?post=532738"}],"version-history":[{"count":0,"href":"https:\/\/www.europesays.com\/fr\/wp-json\/wp\/v2\/posts\/532738\/revisions"}],"wp:featuredmedia":[{"embeddable":true,"href":"https:\/\/www.europesays.com\/fr\/wp-json\/wp\/v2\/media\/532739"}],"wp:attachment":[{"href":"https:\/\/www.europesays.com\/fr\/wp-json\/wp\/v2\/media?parent=532738"}],"wp:term":[{"taxonomy":"category","embeddable":true,"href":"https:\/\/www.europesays.com\/fr\/wp-json\/wp\/v2\/categories?post=532738"},{"taxonomy":"post_tag","embeddable":true,"href":"https:\/\/www.europesays.com\/fr\/wp-json\/wp\/v2\/tags?post=532738"}],"curies":[{"name":"wp","href":"https:\/\/api.w.org\/{rel}","templated":true}]}}