{"id":532749,"date":"2025-11-14T03:11:21","date_gmt":"2025-11-14T03:11:21","guid":{"rendered":"https:\/\/www.europesays.com\/fr\/532749\/"},"modified":"2025-11-14T03:11:21","modified_gmt":"2025-11-14T03:11:21","slug":"lecrivain-espere-etre-de-retour-a-paris-vendredi-ou-samedi","status":"publish","type":"post","link":"https:\/\/www.europesays.com\/fr\/532749\/","title":{"rendered":"L\u2019\u00e9crivain esp\u00e8re \u00eatre de retour \u00e0 Paris vendredi ou samedi"},"content":{"rendered":"<p>L\u2019\u00e9crivain franco-alg\u00e9rien <a href=\"https:\/\/www.20minutes.fr\/monde\/4185292-20251112-grace-boualem-sansal-algerie-ecrivain-bien-arrive-allemagne\" target=\"_blank\" class=\"c-link c-link--is-underlined\" rel=\"nofollow noopener\">Boualem Sansal<\/a>, <a href=\"https:\/\/www.20minutes.fr\/monde\/4185144-20251112-algerie-accepte-gracier-ecrivain-boualem-sansal\" target=\"_blank\" class=\"c-link c-link--is-underlined\" rel=\"nofollow noopener\">graci\u00e9 cette semaine apr\u00e8s douze mois de prison<\/a>, a confirm\u00e9 qu\u2019il devrait retrouver la France \u00ab\u00a0demain ou dans deux jours\u00a0\u00bb, selon les propos rapport\u00e9s par son ami et confr\u00e8re Kamel Daoud dans Le Point.<\/p>\n<p>Arriv\u00e9 mercredi soir \u00e0 <a href=\"https:\/\/www.20minutes.fr\/dossier\/berlin\" target=\"_blank\" class=\"c-link c-link--is-underlined\" rel=\"nofollow noopener\">Berlin<\/a> pour y recevoir des soins m\u00e9dicaux, l\u2019auteur de 81 ans s\u2019est dit \u00ab\u00a0plut\u00f4t bien\u00a0\u00bb malgr\u00e9 son incarc\u00e9ration en Alg\u00e9rie. \u00ab\u00a0Je suis costaud, tu sais. Je ne vais pas \u00eatre d\u00e9truit par une petite ann\u00e9e de prison\u00a0\u00bb, a-t-il lanc\u00e9, assurant avoir conserv\u00e9 sa force et son \u00e9nergie malgr\u00e9 les conditions d\u2019isolement auxquelles il a \u00e9t\u00e9 soumis.<\/p>\n<p>Une d\u00e9tention en quartier de tr\u00e8s haute s\u00e9curit\u00e9<\/p>\n<p>Dans la conversation retranscrite par le magazine, Boualem Sansal d\u00e9crit une <a href=\"https:\/\/www.20minutes.fr\/dossier\/prison\" target=\"_blank\" class=\"c-link c-link--is-underlined\" rel=\"nofollow noopener\">d\u00e9tention<\/a> extr\u00eamement stricte. \u00ab\u00a0J\u2019\u00e9tais comme coup\u00e9 du monde, sauf les visites de Naziha\u00a0\u00bb, confie-t-il \u00e0 propos de son \u00e9pouse. Plac\u00e9 en quartier de tr\u00e8s haute s\u00e9curit\u00e9, il explique qu\u2019il ne lui \u00e9tait \u00ab\u00a0pas vraiment permis de parler souvent aux autres prisonniers\u00a0\u00bb.<\/p>\n<\/p>\n<p>Condamn\u00e9 \u00e0 cinq ans de prison pour \u00ab\u00a0atteinte \u00e0 l\u2019unit\u00e9 nationale\u00a0\u00bb apr\u00e8s des d\u00e9clarations sur les fronti\u00e8res alg\u00e9riennes accord\u00e9es au m\u00e9dia fran\u00e7ais Fronti\u00e8res, l\u2019\u00e9crivain avait vu sa sant\u00e9 inqui\u00e9ter ses proches, lui qui est trait\u00e9 pour un cancer de la prostate. Sa lib\u00e9ration intervient dans un contexte diplomatique tendu entre <a href=\"https:\/\/www.20minutes.fr\/paris\/\" target=\"_blank\" class=\"c-link c-link--is-underlined\" rel=\"nofollow noopener\">Paris<\/a> et <a href=\"https:\/\/www.20minutes.fr\/dossier\/algerie\" target=\"_blank\" class=\"c-link c-link--is-underlined\" rel=\"nofollow noopener\">Alger<\/a>, raviv\u00e9 par la reconnaissance par la France de la souverainet\u00e9 marocaine sur le Sahara occidental.<\/p>\n<p>Optimiste pour les relations franco-alg\u00e9riennes<\/p>\n<p>Naturalis\u00e9 fran\u00e7ais en\u00a02024, Boualem Sansal demeure une figure majeure de la litt\u00e9rature nord-africaine et un critique r\u00e9current du pouvoir alg\u00e9rien comme des courants <a href=\"https:\/\/www.20minutes.fr\/monde\/islamiste\/\" target=\"_blank\" class=\"c-link c-link--is-underlined\" rel=\"nofollow noopener\">islamistes<\/a>. Depuis l\u2019Allemagne, il s\u2019est montr\u00e9 toutefois optimiste quant \u00e0 l\u2019apaisement des relations bilat\u00e9rales. \u00ab\u00a0J\u2019esp\u00e8re que les relations entre la France et l\u2019Alg\u00e9rie vont \u00e9voluer gr\u00e2ce \u00e0 l\u2019Allemagne et \u00e0 notre <a href=\"https:\/\/www.20minutes.fr\/dossier\/diplomatie\" target=\"_blank\" class=\"c-link c-link--is-underlined\" rel=\"nofollow noopener\">diplomatie<\/a>. J\u2019ai bon espoir.\u00a0\u00bb<\/p>\n<p><a href=\"https:\/\/www.20minutes.fr\/dossier\/algerie\" target=\"_blank\" class=\"c-link c-btn c-btn--primary\" rel=\"nofollow noopener\">Notre dossier sur l&rsquo;Alg\u00e9rie<\/a><\/p>\n<p>Avant son retour annonc\u00e9 \u00e0 Paris, l\u2019auteur a tenu \u00e0 adresser un message aux Fran\u00e7ais. \u00ab\u00a0Bonjour la France, Boualem revient, on va gagner\u00a0!\u00a0\u00bb Une sortie pleine d\u2019entrain, apr\u00e8s une ann\u00e9e d\u2019isolement qui n\u2019aura pas entam\u00e9 la d\u00e9termination de l\u2019un des \u00e9crivains francophones les plus engag\u00e9s de sa g\u00e9n\u00e9ration.<\/p>\n","protected":false},"excerpt":{"rendered":"L\u2019\u00e9crivain franco-alg\u00e9rien Boualem Sansal, graci\u00e9 cette semaine apr\u00e8s douze mois de prison, a confirm\u00e9 qu\u2019il devrait retrouver la&hellip;\n","protected":false},"author":2,"featured_media":532750,"comment_status":"","ping_status":"","sticky":false,"template":"","format":"standard","meta":{"footnotes":""},"categories":[1888],"tags":[47,11,15,672,1898,312,2005,1777,674,1011,27,9985,12,626,25,104],"class_list":{"0":"post-532749","1":"post","2":"type-post","3":"status-publish","4":"format-standard","5":"has-post-thumbnail","7":"category-paris","8":"tag-actualite","9":"tag-actualites","10":"tag-algerie","11":"tag-allemagne","12":"tag-berlin","13":"tag-diplomatie","14":"tag-ecrivain","15":"tag-eu","16":"tag-europe","17":"tag-fr","18":"tag-france","19":"tag-liberation","20":"tag-news","21":"tag-paris","22":"tag-republique-francaise","23":"tag-societe"},"share_on_mastodon":{"url":"https:\/\/pubeurope.com\/@fr\/115545865177174726","error":""},"_links":{"self":[{"href":"https:\/\/www.europesays.com\/fr\/wp-json\/wp\/v2\/posts\/532749","targetHints":{"allow":["GET"]}}],"collection":[{"href":"https:\/\/www.europesays.com\/fr\/wp-json\/wp\/v2\/posts"}],"about":[{"href":"https:\/\/www.europesays.com\/fr\/wp-json\/wp\/v2\/types\/post"}],"author":[{"embeddable":true,"href":"https:\/\/www.europesays.com\/fr\/wp-json\/wp\/v2\/users\/2"}],"replies":[{"embeddable":true,"href":"https:\/\/www.europesays.com\/fr\/wp-json\/wp\/v2\/comments?post=532749"}],"version-history":[{"count":0,"href":"https:\/\/www.europesays.com\/fr\/wp-json\/wp\/v2\/posts\/532749\/revisions"}],"wp:featuredmedia":[{"embeddable":true,"href":"https:\/\/www.europesays.com\/fr\/wp-json\/wp\/v2\/media\/532750"}],"wp:attachment":[{"href":"https:\/\/www.europesays.com\/fr\/wp-json\/wp\/v2\/media?parent=532749"}],"wp:term":[{"taxonomy":"category","embeddable":true,"href":"https:\/\/www.europesays.com\/fr\/wp-json\/wp\/v2\/categories?post=532749"},{"taxonomy":"post_tag","embeddable":true,"href":"https:\/\/www.europesays.com\/fr\/wp-json\/wp\/v2\/tags?post=532749"}],"curies":[{"name":"wp","href":"https:\/\/api.w.org\/{rel}","templated":true}]}}