{"id":532751,"date":"2025-11-14T03:12:32","date_gmt":"2025-11-14T03:12:32","guid":{"rendered":"https:\/\/www.europesays.com\/fr\/532751\/"},"modified":"2025-11-14T03:12:32","modified_gmt":"2025-11-14T03:12:32","slug":"multimedia-russie-deux-pilotes-tues-dans-le-crash-dun-avion-de-chasse-en-carelie-xinhua","status":"publish","type":"post","link":"https:\/\/www.europesays.com\/fr\/532751\/","title":{"rendered":"(Multim\u00e9dia) Russie : deux pilotes tu\u00e9s dans le crash d&rsquo;un avion de chasse en Car\u00e9lie &#8211; Xinhua"},"content":{"rendered":"<p><img decoding=\"async\" controls=\"controls\" src=\"https:\/\/www.europesays.com\/fr\/wp-content\/uploads\/2025\/11\/202511140cb2b98f0ee54a7895c2f8207689cb5b_XxjifrF000005_20251114_CBMFN0A001.png\"\/>Deux chasseurs russes Su-30 SM effectuent un vol lors du Salon international de l&rsquo;aviation et de l&rsquo;espace MAKS-2017 \u00e0 Joukovski, en Russie, le 23 juillet 2017. (Xinhua\/Bai Xueqi)<\/p>\n<p><strong>Deux pilotes ont trouv\u00e9 la mort dans le crash d&rsquo;un avion de chasse Su-30 lors d&rsquo;un vol d&rsquo;entra\u00eenement dans le district de Prionezhsky, en R\u00e9publique de Car\u00e9lie, a d\u00e9clar\u00e9 jeudi le chef de la r\u00e9gion, Artur Parfenchikov.<\/strong><\/p>\n<p>SAINT-PETERSBOURG, 13 novembre (Xinhua) &#8212; Deux pilotes ont trouv\u00e9 la mort dans le crash d&rsquo;un avion de chasse Su-30 lors d&rsquo;un vol d&rsquo;entra\u00eenement dans le district de Prionezhsky, en R\u00e9publique de Car\u00e9lie, a d\u00e9clar\u00e9 jeudi le chef de la r\u00e9gion, Artur Parfenchikov.<\/p>\n<p>L&rsquo;appareil s&rsquo;est \u00e9cras\u00e9 vers 19H00 heure de Moscou (16h00 GMT), alors qu&rsquo;il effectuait un vol d&rsquo;entra\u00eenement planifi\u00e9 sans munitions, a indiqu\u00e9 le minist\u00e8re russe de la D\u00e9fense cit\u00e9 par l&rsquo;agence de presse TASS.<\/p>\n<p>M. Parfentchikov a d\u00e9clar\u00e9 sur Telegram que l&rsquo;appareil \u00e9tait tomb\u00e9 dans une zone bois\u00e9e loin de toute habitation, et qu&rsquo;aucun habitant n&rsquo;a \u00e9t\u00e9 bless\u00e9.<\/p>\n<p>Les services d&rsquo;urgence sont arriv\u00e9s rapidement sur les lieux, a-t-il pr\u00e9cis\u00e9, pr\u00e9sentant ses condol\u00e9ances aux familles des deux pilotes du 159e r\u00e9giment de pilotes de chasse, et promettant toute l&rsquo;aide n\u00e9cessaire.<\/p>\n","protected":false},"excerpt":{"rendered":"Deux chasseurs russes Su-30 SM effectuent un vol lors du Salon international de l&rsquo;aviation et de l&rsquo;espace MAKS-2017&hellip;\n","protected":false},"author":2,"featured_media":532752,"comment_status":"","ping_status":"","sticky":false,"template":"","format":"standard","meta":{"footnotes":""},"categories":[1591],"tags":[119,11,37,1887,12,1885,1886,132],"class_list":{"0":"post-532751","1":"post","2":"type-post","3":"status-publish","4":"format-standard","5":"has-post-thumbnail","7":"category-russie","8":"tag-accident","9":"tag-actualites","10":"tag-avion","11":"tag-federation-de-russie","12":"tag-news","13":"tag-russia","14":"tag-russian-federation","15":"tag-russie"},"share_on_mastodon":{"url":"https:\/\/pubeurope.com\/@fr\/115545869932087789","error":""},"_links":{"self":[{"href":"https:\/\/www.europesays.com\/fr\/wp-json\/wp\/v2\/posts\/532751","targetHints":{"allow":["GET"]}}],"collection":[{"href":"https:\/\/www.europesays.com\/fr\/wp-json\/wp\/v2\/posts"}],"about":[{"href":"https:\/\/www.europesays.com\/fr\/wp-json\/wp\/v2\/types\/post"}],"author":[{"embeddable":true,"href":"https:\/\/www.europesays.com\/fr\/wp-json\/wp\/v2\/users\/2"}],"replies":[{"embeddable":true,"href":"https:\/\/www.europesays.com\/fr\/wp-json\/wp\/v2\/comments?post=532751"}],"version-history":[{"count":0,"href":"https:\/\/www.europesays.com\/fr\/wp-json\/wp\/v2\/posts\/532751\/revisions"}],"wp:featuredmedia":[{"embeddable":true,"href":"https:\/\/www.europesays.com\/fr\/wp-json\/wp\/v2\/media\/532752"}],"wp:attachment":[{"href":"https:\/\/www.europesays.com\/fr\/wp-json\/wp\/v2\/media?parent=532751"}],"wp:term":[{"taxonomy":"category","embeddable":true,"href":"https:\/\/www.europesays.com\/fr\/wp-json\/wp\/v2\/categories?post=532751"},{"taxonomy":"post_tag","embeddable":true,"href":"https:\/\/www.europesays.com\/fr\/wp-json\/wp\/v2\/tags?post=532751"}],"curies":[{"name":"wp","href":"https:\/\/api.w.org\/{rel}","templated":true}]}}