{"id":532755,"date":"2025-11-14T03:14:17","date_gmt":"2025-11-14T03:14:17","guid":{"rendered":"https:\/\/www.europesays.com\/fr\/532755\/"},"modified":"2025-11-14T03:14:17","modified_gmt":"2025-11-14T03:14:17","slug":"les-etats-unis-vont-signer-des-accords-commerciaux-avec-quatre-pays","status":"publish","type":"post","link":"https:\/\/www.europesays.com\/fr\/532755\/","title":{"rendered":"Les \u00c9tats-Unis vont signer des accords commerciaux avec quatre pays"},"content":{"rendered":"<p>L\u2019administration Trump a annonc\u00e9 jeudi avoir conclu des accords commerciaux avec l\u2019Argentine, l\u2019\u00c9quateur, le Salvador et le Guatemala.<\/p>\n<p>Ces accords visent \u00e0 renforcer la capacit\u00e9 des entreprises am\u00e9ricaines \u00e0 vendre des produits industriels et agricoles dans ces pays, selon un haut responsable de l\u2019administration qui a requis l\u2019anonymat pour s\u2019entretenir avec les journalistes \u00e0 ce sujet.<\/p>\n<p>La Maison-Blanche a \u00e9galement publi\u00e9 des communiqu\u00e9s concernant ces accords, qui ne sont pas encore finalis\u00e9s et devraient \u00eatre sign\u00e9s d\u2019ici deux semaines environ. Cette initiative s\u2019inscrit dans le cadre d\u2019une strat\u00e9gie plus large du pr\u00e9sident Donald Trump visant \u00e0 red\u00e9finir les r\u00e8gles du commerce mondial par le biais de droits de douane g\u00e9n\u00e9ralis\u00e9s.<\/p>\n<p>Le pr\u00e9sident argentin, Javier Milei, a salu\u00e9 la conclusion du premier accord commercial bilat\u00e9ral conclu par son pays avec les \u00c9tats-Unis depuis pr\u00e8s de dix ans, la qualifiant d\u2019\u00abexcellente nouvelle\u00bb.<\/p>\n<p>\u00abComme vous pouvez le constater, nous sommes fermement engag\u00e9s \u00e0 redonner \u00e0 l\u2019Argentine sa grandeur d\u2019antan\u00bb, a-t-il d\u00e9clar\u00e9. <\/p>\n<p>Ces accords abordent un large \u00e9ventail de sujets, notamment les efforts visant \u00e0 r\u00e9duire les barri\u00e8res non tarifaires et \u00e0 ramener les droits de douane \u00e0 0% sur les produits am\u00e9ricains, ainsi que l\u2019engagement \u00e0 ne pas imposer de taxes sur les services num\u00e9riques aux entreprises am\u00e9ricaines. <\/p>\n<p>Un all\u00e8gement tarifaire serait \u00e9galement pr\u00e9vu pour certains produits en provenance de ces pays. Par exemple, les licences d\u2019importation dans ces pays seraient supprim\u00e9es et simplifi\u00e9es, et les nations s\u2019engageraient \u00e0 r\u00e9soudre les probl\u00e8mes li\u00e9s aux droits de propri\u00e9t\u00e9 intellectuelle.<\/p>\n<p>En vertu des droits de douane annonc\u00e9s fin juillet par M.\u00a0Trump, les marchandises import\u00e9es d\u2019Argentine, du Salvador et du Guatemala sont tax\u00e9es \u00e0 10%, les \u00c9tats-Unis affichant un exc\u00e9dent commercial avec chacun de ces pays. Les produits \u00e9quatoriens, avec lesquels les \u00c9tats-Unis enregistrent un d\u00e9ficit commercial, sont tax\u00e9s \u00e0 15%.<\/p>\n<p>Le pr\u00e9sident guat\u00e9malt\u00e8que, Bernardo Ar\u00e9valo, a qualifi\u00e9 cet accord de \u00abbonne nouvelle\u00bb et a affirm\u00e9 que son pays serait en mesure d\u2019attirer de nouveaux investissements.<\/p>\n<p>Il a pr\u00e9cis\u00e9 que 70% des produits export\u00e9s par le Guatemala vers les \u00c9tats-Unis seraient exempt\u00e9s de droits de douane gr\u00e2ce \u00e0 cet accord, des exemptions \u00e9tant accord\u00e9es pour les biens que les \u00c9tats-Unis ne sont pas en mesure de fabriquer. Tous les autres produits resteraient soumis au droit de douane de 10%.<\/p>\n<p>Un haut responsable de l\u2019administration am\u00e9ricaine a d\u00e9clar\u00e9 que les droits de douane sur le caf\u00e9, le cacao et les bananes dans ces pays pourraient \u00eatre r\u00e9duits.<\/p>\n<p>Le secr\u00e9taire au Tr\u00e9sor, Scott Bess, et le pr\u00e9sident Donald Trump ont tous deux laiss\u00e9 entendre que l\u2019assouplissement des droits de douane s\u2019explique par le fait que l\u2019accessibilit\u00e9 financi\u00e8re est une pr\u00e9occupation majeure pour les \u00e9lecteurs am\u00e9ricains.<\/p>\n","protected":false},"excerpt":{"rendered":"L\u2019administration Trump a annonc\u00e9 jeudi avoir conclu des accords commerciaux avec l\u2019Argentine, l\u2019\u00c9quateur, le Salvador et le Guatemala.&hellip;\n","protected":false},"author":2,"featured_media":532756,"comment_status":"","ping_status":"","sticky":false,"template":"","format":"standard","meta":{"footnotes":""},"categories":[1589],"tags":[11,73,1866,4574,17885,4575,1854,4576,12,1864,1865,1863,308],"class_list":{"0":"post-532755","1":"post","2":"type-post","3":"status-publish","4":"format-standard","5":"has-post-thumbnail","7":"category-etats-unis","8":"tag-actualites","9":"tag-etats-unis","10":"tag-etats-unis-damerique","11":"tag-https-lactualite-com-sujet-affaires","12":"tag-https-lactualite-com-sujet-commerce","13":"tag-https-lactualite-com-sujet-economie","14":"tag-https-lactualite-com-sujet-international","15":"tag-https-lactualite-com-sujet-politique","16":"tag-news","17":"tag-united-states","18":"tag-united-states-of-america","19":"tag-us","20":"tag-usa"},"share_on_mastodon":{"url":"https:\/\/pubeurope.com\/@fr\/115545877024417351","error":""},"_links":{"self":[{"href":"https:\/\/www.europesays.com\/fr\/wp-json\/wp\/v2\/posts\/532755","targetHints":{"allow":["GET"]}}],"collection":[{"href":"https:\/\/www.europesays.com\/fr\/wp-json\/wp\/v2\/posts"}],"about":[{"href":"https:\/\/www.europesays.com\/fr\/wp-json\/wp\/v2\/types\/post"}],"author":[{"embeddable":true,"href":"https:\/\/www.europesays.com\/fr\/wp-json\/wp\/v2\/users\/2"}],"replies":[{"embeddable":true,"href":"https:\/\/www.europesays.com\/fr\/wp-json\/wp\/v2\/comments?post=532755"}],"version-history":[{"count":0,"href":"https:\/\/www.europesays.com\/fr\/wp-json\/wp\/v2\/posts\/532755\/revisions"}],"wp:featuredmedia":[{"embeddable":true,"href":"https:\/\/www.europesays.com\/fr\/wp-json\/wp\/v2\/media\/532756"}],"wp:attachment":[{"href":"https:\/\/www.europesays.com\/fr\/wp-json\/wp\/v2\/media?parent=532755"}],"wp:term":[{"taxonomy":"category","embeddable":true,"href":"https:\/\/www.europesays.com\/fr\/wp-json\/wp\/v2\/categories?post=532755"},{"taxonomy":"post_tag","embeddable":true,"href":"https:\/\/www.europesays.com\/fr\/wp-json\/wp\/v2\/tags?post=532755"}],"curies":[{"name":"wp","href":"https:\/\/api.w.org\/{rel}","templated":true}]}}