{"id":532759,"date":"2025-11-14T03:16:43","date_gmt":"2025-11-14T03:16:43","guid":{"rendered":"https:\/\/www.europesays.com\/fr\/532759\/"},"modified":"2025-11-14T03:16:43","modified_gmt":"2025-11-14T03:16:43","slug":"tous-les-numeros-de-la-revue-de-leglise-russe-hors-frontieres-en-allemagne-ont-ete-numerises","status":"publish","type":"post","link":"https:\/\/www.europesays.com\/fr\/532759\/","title":{"rendered":"Tous les num\u00e9ros de la revue de l\u2019\u00c9glise russe hors-fronti\u00e8res en Allemagne ont \u00e9t\u00e9 num\u00e9ris\u00e9s"},"content":{"rendered":"<p>Tous les num\u00e9ros de la revue dioc\u00e9saine du dioc\u00e8se d\u2019Allemagne de l\u2019\u00c9glise russe hors-fronti\u00e8res en Allemagne (en russe), depuis 1951 jusqu\u2019\u00e0 nos jours ont \u00e9t\u00e9 num\u00e9ris\u00e9s et sont disponibles ici Source<\/p>\n<p>\t\t\t\t&#13;<br \/>\nLa suite de l&rsquo;article est r\u00e9serv\u00e9e aux abonn\u00e9s d&rsquo;Orthodoxie.com!&#13;<\/p>\n<p>Pour acc\u00e9der \u00e0 un nombre illimit\u00e9 d&rsquo;articles complets, veuillez :<\/p>\n<p>&#13;<br \/>\n&#13;<\/p>\n<p style=\"margin-top: 20px\">D\u00e9j\u00e0 connect\u00e9 ? Veuillez <a href=\"https:\/\/orthodoxie.com\/tous-les-numeros-de-la-revue-de-leglise-russe-hors-frontieres-en-allemagne-ont-ete-numerises\/.?bienvenue=\" style=\"color: #aa3d1c;font-weight: bold\" rel=\"nofollow noopener\" target=\"_blank\">cliquer ici<\/a> pour rafra\u00eechir la page. <\/p>\n<p>&#13;<\/p>\n","protected":false},"excerpt":{"rendered":"Tous les num\u00e9ros de la revue dioc\u00e9saine du dioc\u00e8se d\u2019Allemagne de l\u2019\u00c9glise russe hors-fronti\u00e8res en Allemagne (en russe),&hellip;\n","protected":false},"author":2,"featured_media":532760,"comment_status":"","ping_status":"","sticky":false,"template":"","format":"standard","meta":{"footnotes":""},"categories":[1587],"tags":[11,672,1804,1805,1803,1777,674,1801,12,1802],"class_list":{"0":"post-532759","1":"post","2":"type-post","3":"status-publish","4":"format-standard","5":"has-post-thumbnail","7":"category-allemagne","8":"tag-actualites","9":"tag-allemagne","10":"tag-bundesrepublik-deutschland","11":"tag-de","12":"tag-deutschland","13":"tag-eu","14":"tag-europe","15":"tag-germany","16":"tag-news","17":"tag-republique-federale-dallemagne"},"share_on_mastodon":{"url":"https:\/\/pubeurope.com\/@fr\/115545884873181784","error":""},"_links":{"self":[{"href":"https:\/\/www.europesays.com\/fr\/wp-json\/wp\/v2\/posts\/532759","targetHints":{"allow":["GET"]}}],"collection":[{"href":"https:\/\/www.europesays.com\/fr\/wp-json\/wp\/v2\/posts"}],"about":[{"href":"https:\/\/www.europesays.com\/fr\/wp-json\/wp\/v2\/types\/post"}],"author":[{"embeddable":true,"href":"https:\/\/www.europesays.com\/fr\/wp-json\/wp\/v2\/users\/2"}],"replies":[{"embeddable":true,"href":"https:\/\/www.europesays.com\/fr\/wp-json\/wp\/v2\/comments?post=532759"}],"version-history":[{"count":0,"href":"https:\/\/www.europesays.com\/fr\/wp-json\/wp\/v2\/posts\/532759\/revisions"}],"wp:featuredmedia":[{"embeddable":true,"href":"https:\/\/www.europesays.com\/fr\/wp-json\/wp\/v2\/media\/532760"}],"wp:attachment":[{"href":"https:\/\/www.europesays.com\/fr\/wp-json\/wp\/v2\/media?parent=532759"}],"wp:term":[{"taxonomy":"category","embeddable":true,"href":"https:\/\/www.europesays.com\/fr\/wp-json\/wp\/v2\/categories?post=532759"},{"taxonomy":"post_tag","embeddable":true,"href":"https:\/\/www.europesays.com\/fr\/wp-json\/wp\/v2\/tags?post=532759"}],"curies":[{"name":"wp","href":"https:\/\/api.w.org\/{rel}","templated":true}]}}