{"id":532767,"date":"2025-11-14T03:20:26","date_gmt":"2025-11-14T03:20:26","guid":{"rendered":"https:\/\/www.europesays.com\/fr\/532767\/"},"modified":"2025-11-14T03:20:26","modified_gmt":"2025-11-14T03:20:26","slug":"ubisoft-decale-la-publication-de-ses-resultats-semestriels-et-demande-la-suspension-de-sa-cotation-13-11-2025-a-2018","status":"publish","type":"post","link":"https:\/\/www.europesays.com\/fr\/532767\/","title":{"rendered":"Ubisoft d\u00e9cale la publication de ses r\u00e9sultats semestriels et demande la suspension de sa cotation &#8211; 13\/11\/2025 \u00e0 20:18"},"content":{"rendered":"<p>        <img decoding=\"async\" src=\"https:\/\/www.europesays.com\/fr\/wp-content\/uploads\/2025\/11\/82be66f6735688fe51569f019e2a2ff7-760x506.jpg\" alt=\"Le stand Ubisoft lors de la 14\u00e8me \u00e9dition de la Paris Game Week, le 23 octobre 2024 ( AFP \/ Dimitar DILKOFF )\" loading=\"eager\" fetchpriority=\"high\" width=\"760\" height=\"506\" style=\"max-width: 100%!important; height: auto;\"\/><\/p>\n<p class=\"c-image-news__legend\">Le stand Ubisoft lors de la 14\u00e8me \u00e9dition de la Paris Game Week, le 23 octobre 2024 ( AFP \/ Dimitar DILKOFF )<\/p>\n<p>\n Le g\u00e9ant fran\u00e7ais des jeux vid\u00e9o<br \/>\n <a href=\"https:\/\/www.boursorama.com\/cours\/1rPUBI\/\" target=\"_blank\" rel=\"noopener\"><br \/>\n  Ubisoft<br \/>\n <\/a><br \/>\n a d\u00e9cal\u00e9 la publication de ses r\u00e9sultats pour le premier semestre, pr\u00e9vus jeudi soir, et demand\u00e9 la suspension de sa cotation \u00e0 la Bourse de Paris, a-t-il annonc\u00e9 sans avancer d&rsquo;explications \u00e0 ce stade.\n<\/p>\n<p>\n \u00ab\u00a0Ubisoft a demand\u00e9 \u00e0 Euronext de suspendre la cotation de ses actions et de ses obligations \u00e0 compter de l&rsquo;ouverture des march\u00e9s le 14 novembre 2025\u00a0\u00bb et ce jusqu&rsquo;\u00e0 la diffusion de ses r\u00e9sultats \u00ab\u00a0dans les prochains jours\u00a0\u00bb, a indiqu\u00e9 dans un communiqu\u00e9 l&rsquo;\u00e9diteur, dont l&rsquo;action a plong\u00e9 de pr\u00e8s de 50% depuis le d\u00e9but de l&rsquo;ann\u00e9e.\n<\/p>\n<p>\n Contact\u00e9 par l&rsquo;AFP, Ubisoft n&rsquo;a pas donn\u00e9 de raison sp\u00e9cifique \u00e0 ce report dans l&rsquo;imm\u00e9diat.\n<\/p>\n<p>\n Dans un mail interne envoy\u00e9 jeudi aux salari\u00e9s et consult\u00e9 par l&rsquo;AFP, le directeur financier du groupe Fr\u00e9d\u00e9rick Duguet a indiqu\u00e9 sans plus de pr\u00e9cisions qu&rsquo;Ubisoft avait besoin d&rsquo;un \u00ab\u00a0d\u00e9lai suppl\u00e9mentaire pour finaliser la cl\u00f4ture du semestre\u00a0\u00bb et que la demande de suspension de sa cotation visait \u00e0 \u00ab\u00a0limiter les sp\u00e9culations inutiles et la volatilit\u00e9 du march\u00e9 pendant ce court d\u00e9lai\u00a0\u00bb.\n<\/p>\n<p>\n \u00ab\u00a0Cela pourrait impliquer une acquisition sous une forme ou une autre (&#8230;) ou un probl\u00e8me comptable ou financier\u00a0\u00bb, a estim\u00e9 Daniel Ahmad, du cabinet d&rsquo;analyste Niko Partners, sur le r\u00e9seau social Bluesky.\n<\/p>\n<p>\n Au premier trimestre (avril-juin) de son exercice 2025-2026 d\u00e9cal\u00e9, l&rsquo;\u00e9diteur avait annonc\u00e9 un chiffre d&rsquo;affaires en baisse de 3,9%, \u00e0 310,8 millions d&rsquo;euros.\n<\/p>\n<p>\n Ubisoft a encha\u00een\u00e9 une succession de d\u00e9convenues ces derni\u00e8res ann\u00e9es apr\u00e8s plusieurs lancements de jeux en demi-teinte et l&rsquo;arr\u00eat pr\u00e9coce de son jeu de tir en ligne XDefiant.\n<\/p>\n<p>\n Depuis 2023, l&rsquo;\u00e9diteur fran\u00e7ais poursuit un plan de r\u00e9duction des co\u00fbts qui a d\u00e9j\u00e0 entra\u00een\u00e9 la fermeture de plusieurs studios \u00e0 l&rsquo;\u00e9tranger et le d\u00e9part de plus de 2.000 salari\u00e9s.\n<\/p>\n<p>\n En octobre, il a notamment annonc\u00e9 un plan de d\u00e9part volontaires dans ses studios de Stockholm et Malm\u00f6, en Su\u00e8de, qui avaient notamment travaill\u00e9 sur \u00ab\u00a0Star Wars Outlaws\u00a0\u00bb, superproduction qui a connu une r\u00e9ception mitig\u00e9e et des ventes jug\u00e9es d\u00e9cevantes apr\u00e8s sa sortie \u00e0 l&rsquo;\u00e9t\u00e9 2024.\n<\/p>\n<p>\n En parall\u00e8le, le groupe s&rsquo;est lanc\u00e9 dans une r\u00e9organisation interne qui doit regrouper ses diff\u00e9rentes marques de jeux vid\u00e9o en entit\u00e9s distinctes qui restent sous son contr\u00f4le.\n<\/p>\n<p>\n Sa premi\u00e8re filiale a \u00e9t\u00e9 mise en place d\u00e9but octobre et r\u00e9unit plus de 2.300 des quelque 17.000 employ\u00e9s du groupe dans le monde autour de ses trois plus grosses sagas: \u00ab\u00a0Assassin&rsquo;s Creed\u00a0\u00bb, \u00ab\u00a0Far Cry\u00a0\u00bb et \u00ab\u00a0Rainbow Six\u00a0\u00bb.\n<\/p>\n<p>\n Elle a \u00e9t\u00e9 cr\u00e9\u00e9e gr\u00e2ce \u00e0 un apport de 1,16 milliard d&rsquo;euros du groupe chinois Tencent qui en d\u00e9tient 25%. La finalisation de la transaction, pr\u00e9vue pour la fin de l&rsquo;ann\u00e9e 2025 sous r\u00e9serve de validation des autorit\u00e9s r\u00e9glementaires, devrait \u00e9galement permettre \u00e0 Ubisoft de se d\u00e9sendetter.<\/p>\n","protected":false},"excerpt":{"rendered":"Le stand Ubisoft lors de la 14\u00e8me \u00e9dition de la Paris Game Week, le 23 octobre 2024 (&hellip;\n","protected":false},"author":2,"featured_media":532768,"comment_status":"","ping_status":"","sticky":false,"template":"","format":"standard","meta":{"footnotes":""},"categories":[2],"tags":[400,11,398,408,405,1011,27,403,402,399,404,12,25,401,406,407],"class_list":{"0":"post-532767","1":"post","2":"type-post","3":"status-publish","4":"format-standard","5":"has-post-thumbnail","7":"category-actualites","8":"tag-action-cac-40","9":"tag-actualites","10":"tag-bourse-de-paris","11":"tag-boursorama","12":"tag-cotations","13":"tag-fr","14":"tag-france","15":"tag-indices-devises","16":"tag-investir","17":"tag-investissement","18":"tag-marche-boursier","19":"tag-news","20":"tag-republique-francaise","21":"tag-sicav","22":"tag-trackers","23":"tag-warrants"},"share_on_mastodon":{"url":"https:\/\/pubeurope.com\/@fr\/115545901411771727","error":""},"_links":{"self":[{"href":"https:\/\/www.europesays.com\/fr\/wp-json\/wp\/v2\/posts\/532767","targetHints":{"allow":["GET"]}}],"collection":[{"href":"https:\/\/www.europesays.com\/fr\/wp-json\/wp\/v2\/posts"}],"about":[{"href":"https:\/\/www.europesays.com\/fr\/wp-json\/wp\/v2\/types\/post"}],"author":[{"embeddable":true,"href":"https:\/\/www.europesays.com\/fr\/wp-json\/wp\/v2\/users\/2"}],"replies":[{"embeddable":true,"href":"https:\/\/www.europesays.com\/fr\/wp-json\/wp\/v2\/comments?post=532767"}],"version-history":[{"count":0,"href":"https:\/\/www.europesays.com\/fr\/wp-json\/wp\/v2\/posts\/532767\/revisions"}],"wp:featuredmedia":[{"embeddable":true,"href":"https:\/\/www.europesays.com\/fr\/wp-json\/wp\/v2\/media\/532768"}],"wp:attachment":[{"href":"https:\/\/www.europesays.com\/fr\/wp-json\/wp\/v2\/media?parent=532767"}],"wp:term":[{"taxonomy":"category","embeddable":true,"href":"https:\/\/www.europesays.com\/fr\/wp-json\/wp\/v2\/categories?post=532767"},{"taxonomy":"post_tag","embeddable":true,"href":"https:\/\/www.europesays.com\/fr\/wp-json\/wp\/v2\/tags?post=532767"}],"curies":[{"name":"wp","href":"https:\/\/api.w.org\/{rel}","templated":true}]}}