{"id":532770,"date":"2025-11-14T03:22:24","date_gmt":"2025-11-14T03:22:24","guid":{"rendered":"https:\/\/www.europesays.com\/fr\/532770\/"},"modified":"2025-11-14T03:22:24","modified_gmt":"2025-11-14T03:22:24","slug":"hadwin-en-tete-aux-bermudes-des-francais-en-souffrance-couilleau-a-la-hauteur","status":"publish","type":"post","link":"https:\/\/www.europesays.com\/fr\/532770\/","title":{"rendered":"Hadwin en t\u00eate aux Bermudes, des Fran\u00e7ais en souffrance, Couilleau \u00e0 la hauteur"},"content":{"rendered":"<p>\t\t\t\t\t\t<img width=\"770\" height=\"554\" src=\"https:\/\/www.europesays.com\/fr\/wp-content\/uploads\/2025\/11\/hadwin-pga-tour-seanmhaffey-770x554.jpeg\" class=\"img-responsive wp-post-image\" alt=\"hadwin - \u00a9pga tour - seanmhaffey\" decoding=\"async\" fetchpriority=\"high\"  \/>\t\t\t\t\t<\/p>\n<p>\t\t\t\t\t\t Partager cet article <\/p>\n<p class=\"screen-reader-text juiz_sps_maybe_hidden_text\">Partager la publication \u00ab\u00a0Hadwin en t\u00eate aux Bermudes, des Fran\u00e7ais en souffrance, Couilleau \u00e0 la hauteur\u00a0\u00bb<\/p>\n<p><strong>Disput\u00e9 comme pr\u00e9vu dans des conditions tr\u00e8s venteuses, le premier tour du Bermuda Championship n\u2019a gu\u00e8re souri aux quatre Fran\u00e7ais en lice, qui ont tous jou\u00e9 au-dessus du par. L\u2019amateur Oscar Couilleau, du haut de ses 17 ans, n\u2019a pas \u00e0 rougir de sa performance. Le leader est le Canadien Adam Hadwin.<\/strong><\/p>\n<p>\t\t\t\t\t<a id=\"191229\" href=\"https:\/\/www.spain.info\/fr\/top\/jouez-au-golf-en-espagne\/\" target=\"_blank\" rel=\"sponsorised nofollow noopener\"><img decoding=\"async\" src=\"data:image\/svg+xml,%3Csvg%20xmlns=\" http:=\"\" class=\"img-responsive\" alt=\"\" data-lazy-src=\"https:\/\/www.europesays.com\/fr\/wp-content\/uploads\/2025\/11\/ot-espagne-2025-e01-golf-in-spain-1170x275-1.jpg\"\/><\/a><\/p>\n<p>Comptablement, le premier tour des Fran\u00e7ais aux Bermudes n\u2019est pas enthousiasmant. Le quatuor a jou\u00e9 au-dessus du par. Ni <strong>Victor Perez<\/strong>, ni <strong>Matthieu Pavon<\/strong>, ni <strong>Antoine Rozner<\/strong> ni <strong>Oscar Couilleau<\/strong> ne figurent dans le top 50 provisoire.<\/p>\n<p>Mais on peut choisir de voir aussi le verre \u00e0 moiti\u00e9 plein.<\/p>\n<p><a href=\"https:\/\/www.pgatour.com\/leaderboard\" target=\"_blank\" rel=\"noopener nofollow\">Le leaderboard complet<\/a><\/p>\n<p>Dans les fortes bourrasques qui balaient l\u2019archipel, les Bleus se sont accroch\u00e9s aux branches et n\u2019ont pas dit adieu au cut, loin s\u2019en faut.<\/p>\n<p>\t\t\t\t\t<a id=\"190113\" href=\"https:\/\/abacussportswear.com\/en\/france\" target=\"_blank\" rel=\"sponsorised nofollow noopener\"><img decoding=\"async\" src=\"data:image\/svg+xml,%3Csvg%20xmlns=\" http:=\"\" class=\"img-responsive\" alt=\"\" data-lazy-src=\"https:\/\/www.europesays.com\/fr\/wp-content\/uploads\/2025\/10\/abacus-e06-portrush-1170x275-1.gif\"\/><\/a><br \/>\nObjectif cut<\/p>\n<p>Pavon \u00e9tait dans le par apr\u00e8s 12 trous mais il a c\u00e9d\u00e9 du terrain dans le final avec quatre bogeys sur ses six derniers trous. Son score de 75 (+4) est d\u2019autant plus frustrant qu\u2019il a touch\u00e9 14 greens en r\u00e9gulation. Le sc\u00e9nario est presque le m\u00eame pour Perez qui rend un 74 rageant (+3) puisqu\u2019il termine par deux bogeys sur ses deux derniers trous.<\/p>\n<p>Lui aussi dans les parties matinales, au moment o\u00f9 le vent \u00e9tait peut-\u00eatre le plus pr\u00e9sent, Oscar Couilleau a lui aussi souffert avec un 75. Pour rappel, il <a href=\"https:\/\/www.golfplanete.com\/actualites\/les-departs-aux-bermudes-couilleau-avec-un-ex-prodige-du-dp-world-tour-pavon-perez-et-rozner-en-quete-de-points\/\" target=\"_blank\" rel=\"noopener nofollow\">dispute \u00e0 17 ans son premier tournoi sur le PGA Tour<\/a>, avec sur son sac, un caddie de prestige en la personne de <strong>Gr\u00e9gory Havret<\/strong>. Il a \u00e9t\u00e9 \u00e0 la hauteur pour ses d\u00e9buts dans la cour des grands car des joueurs plus exp\u00e9riment\u00e9s que lui ont \u00e9t\u00e9 davantage \u00e0 la peine.\u00a0<\/p>\n<p>Le meilleur des quatre Tricolores en lice est pour le moment Antoine Rozner, qui dans des conditions un soup\u00e7on plus cl\u00e9mentes, a jou\u00e9 73 (+2), ce qui le situe pour le moment \u00e0 la limite du cut. Vendredi, ce sera l\u2019objectif de la bande des quatre : se qualifier pour le week-end.<\/p>\n<p>Hadwin, un petit exploit<\/p>\n<p>Le leader est le Canadien <strong>Adam Hadwin<\/strong> (photo), d\u00e9j\u00e0 vainqueur sur le PGA Tour, en 2017 lors du Valspar Championship. Le 228e mondial a jou\u00e9 l\u2019apr\u00e8s-midi, mais son 65 nanti de six birdies et un bogey reste un petit exploit. Il devance d\u2019un coup deux autre joueurs qui ont termin\u00e9 leur premier tour en fin de journ\u00e9e, le Japonais <strong>Takumi Kanaya<\/strong> et l\u2019Am\u00e9ricain <strong>Braden Thornberry<\/strong>.<\/p>\n<blockquote data-service=\"twitter\" data-category=\"marketing\" data-placeholder-image=\"https:\/\/www.golfplanete.com\/wp-content\/plugins\/complianz-gdpr-premium\/assets\/images\/placeholders\/twitter-minimal.jpg\" class=\"cmplz-placeholder-element twitter-tweet\"><p>&#13;<\/p>\n<p dir=\"ltr\" lang=\"en\">Guessing he\u2019s happy the tee was 60 yards up today. <a href=\"https:\/\/t.co\/t3LeiJDmKR\" rel=\"nofollow\">https:\/\/t.co\/t3LeiJDmKR<\/a> <a href=\"https:\/\/t.co\/NdTtv6z93L\" rel=\"nofollow\">pic.twitter.com\/NdTtv6z93L<\/a><\/p>\n<p>&#13;<br \/>\n&#13;<br \/>\n\u2014 PGA TOUR (@PGATOUR) <a href=\"https:\/\/twitter.com\/PGATOUR\/status\/1989064117341012256?ref_src=twsrc%5Etfw\" rel=\"nofollow noopener\" target=\"_blank\">November 13, 2025<\/a><\/p><\/blockquote>\n<p>Certains joueurs comme Thornberry n\u2019ont d\u2019ailleurs pas pu terminer leur partie, en raison de l\u2019obscurit\u00e9. Les caprices d\u2019\u00c9ole n\u2019ont pas facilit\u00e9 la t\u00e2che des joueurs et la vitesse de jeu s\u2019en est ressentie\u2026 Le combat dans les rafales de vent va se poursuivre a priori tout au long de la semaine\u2026<\/p>\n<p>&#13;<br \/>\nLe leaderboard<\/p>\n<p><img loading=\"lazy\" decoding=\"async\" class=\"wp-image-191591 size-full\" src=\"data:image\/svg+xml,%3Csvg%20xmlns=\" http:=\"\" alt=\"\" width=\"750\" height=\"634\" data-lazy- data-lazy- data-lazy-src=\"https:\/\/www.europesays.com\/fr\/wp-content\/uploads\/2025\/11\/capture-decran-2025-11-13-a-23.32.08-copie.jpg\"\/><\/p>\n<p style=\"text-align:left;\" class=\"wp-caption-text\">Screenshot<\/p>\n<p>\t\t\t<script async src=\"https:\/\/platform.twitter.com\/widgets.js\" charset=\"utf-8\"><\/script><\/p>\n","protected":false},"excerpt":{"rendered":"Partager cet article Partager la publication \u00ab\u00a0Hadwin en t\u00eate aux Bermudes, des Fran\u00e7ais en souffrance, Couilleau \u00e0 la&hellip;\n","protected":false},"author":2,"featured_media":532771,"comment_status":"","ping_status":"","sticky":false,"template":"","format":"standard","meta":{"footnotes":""},"categories":[1418],"tags":[1011,27,1472,60],"class_list":{"0":"post-532770","1":"post","2":"type-post","3":"status-publish","4":"format-standard","5":"has-post-thumbnail","7":"category-golf","8":"tag-fr","9":"tag-france","10":"tag-golf","11":"tag-sports"},"share_on_mastodon":{"url":"https:\/\/pubeurope.com\/@fr\/115545908944288839","error":""},"_links":{"self":[{"href":"https:\/\/www.europesays.com\/fr\/wp-json\/wp\/v2\/posts\/532770","targetHints":{"allow":["GET"]}}],"collection":[{"href":"https:\/\/www.europesays.com\/fr\/wp-json\/wp\/v2\/posts"}],"about":[{"href":"https:\/\/www.europesays.com\/fr\/wp-json\/wp\/v2\/types\/post"}],"author":[{"embeddable":true,"href":"https:\/\/www.europesays.com\/fr\/wp-json\/wp\/v2\/users\/2"}],"replies":[{"embeddable":true,"href":"https:\/\/www.europesays.com\/fr\/wp-json\/wp\/v2\/comments?post=532770"}],"version-history":[{"count":0,"href":"https:\/\/www.europesays.com\/fr\/wp-json\/wp\/v2\/posts\/532770\/revisions"}],"wp:featuredmedia":[{"embeddable":true,"href":"https:\/\/www.europesays.com\/fr\/wp-json\/wp\/v2\/media\/532771"}],"wp:attachment":[{"href":"https:\/\/www.europesays.com\/fr\/wp-json\/wp\/v2\/media?parent=532770"}],"wp:term":[{"taxonomy":"category","embeddable":true,"href":"https:\/\/www.europesays.com\/fr\/wp-json\/wp\/v2\/categories?post=532770"},{"taxonomy":"post_tag","embeddable":true,"href":"https:\/\/www.europesays.com\/fr\/wp-json\/wp\/v2\/tags?post=532770"}],"curies":[{"name":"wp","href":"https:\/\/api.w.org\/{rel}","templated":true}]}}