{"id":532774,"date":"2025-11-14T03:25:20","date_gmt":"2025-11-14T03:25:20","guid":{"rendered":"https:\/\/www.europesays.com\/fr\/532774\/"},"modified":"2025-11-14T03:25:20","modified_gmt":"2025-11-14T03:25:20","slug":"sinner-pourrait-detroner-alcaraz-en-cas-de-victoire-a-turin","status":"publish","type":"post","link":"https:\/\/www.europesays.com\/fr\/532774\/","title":{"rendered":"Sinner pourrait d\u00e9tr\u00f4ner Alcaraz en cas de victoire \u00e0 Turin"},"content":{"rendered":"<p>                <img decoding=\"async\" src=\"https:\/\/www.europesays.com\/fr\/wp-content\/uploads\/2025\/11\/cgkr.jpg\" fetchpriority=\"high\" alt=\"Prize money : Sinner pourrait d\u00e9tr\u00f4ner Alcaraz en cas de victoire \u00e0 Turin \"\/><\/p>\n<p>Jannik Sinner pourrait finir avec le prize money le plus \u00e9lev\u00e9 de la saison, d\u00e9tr\u00f4nant son rival du circuit : Carlos Alcaraz.<\/p>\n<p>L\u2019Espagnol domine actuellement le classement des gains ATP avec 16,5 millions de dollars. Ses deux victoires en phase de groupes aux ATP Finals de Turin lui ont rapport\u00e9 500 000 dollars suppl\u00e9mentaires, le qualifiant \u00e9galement pour le dernier carr\u00e9, une performance qu\u2019il n\u2019avait plus atteint depuis deux ans.<\/p>\n<p>Derri\u00e8re lui, l\u2019Italien est pour l\u2019instant loin avec 14,3 millions de dollars. Mais l\u2019Italien pourrait toutefois d\u00e9passer Alcaraz s\u2019il remporte les ATP Finals sans conc\u00e9der la moindre d\u00e9faite. Un exploit qui lui rapporterait 5 millions de dollars suppl\u00e9mentaires.<\/p>\n<p>Lorenzo Musetti a r\u00e9ussi \u00e0 passer devant F\u00e9lix Auger-Aliassime pour la huiti\u00e8me place du classement. Ses 360 000 dollars gagn\u00e9s lors des tournois r\u00e9cents, dont les ATP Finals, lui permettent de s\u2019imposer dans le top 10, alors que le Canadien perd du terrain.<\/p>\n<p>Quant \u00e0 Novak Djokovic, absent du Masters, sa victoire \u00e0 Ath\u00e8nes a port\u00e9 ses gains annuels \u00e0 5,12 millions de dollars.<\/p>\n<p><strong>Le top 10 ci-dessous :<\/strong><\/p>\n<p><strong>1 \u2013 Carlos Alcaraz : 16,5 M<\/strong><\/p>\n<p><strong>2 \u2013 Jannik Sinner : 14,3 M<\/strong><\/p>\n<p><strong>3 \u2013 Alexander Zverev : 5,50 M<\/strong><\/p>\n<p><strong>4 \u2013 Novak Djokovic : 5,12 M<\/strong><\/p>\n<p><strong>5 \u2013 Taylor Fritz : 5,03 M<\/strong><\/p>\n<p><strong>6 \u2013 Alex de Minaur : 4,59 M<\/strong><\/p>\n<p><strong>7 \u2013 Ben Shelton : 4,35 M<\/strong><\/p>\n<p><strong>8 \u2013 Lorenzo Musetti : 4,25 M<\/strong><\/p>\n<p><strong>9 \u2013 F\u00e9lix Auger-Aliassime : 4,19 M<\/strong><\/p>\n<p><strong>10 \u2013 Jack Draper : 3,42 M<\/strong><\/p>\n","protected":false},"excerpt":{"rendered":"Jannik Sinner pourrait finir avec le prize money le plus \u00e9lev\u00e9 de la saison, d\u00e9tr\u00f4nant son rival du&hellip;\n","protected":false},"author":2,"featured_media":532775,"comment_status":"","ping_status":"","sticky":false,"template":"","format":"standard","meta":{"footnotes":""},"categories":[1415],"tags":[1011,27,60,1467],"class_list":{"0":"post-532774","1":"post","2":"type-post","3":"status-publish","4":"format-standard","5":"has-post-thumbnail","7":"category-tennis","8":"tag-fr","9":"tag-france","10":"tag-sports","11":"tag-tennis"},"share_on_mastodon":{"url":"https:\/\/pubeurope.com\/@fr\/115545920711313449","error":""},"_links":{"self":[{"href":"https:\/\/www.europesays.com\/fr\/wp-json\/wp\/v2\/posts\/532774","targetHints":{"allow":["GET"]}}],"collection":[{"href":"https:\/\/www.europesays.com\/fr\/wp-json\/wp\/v2\/posts"}],"about":[{"href":"https:\/\/www.europesays.com\/fr\/wp-json\/wp\/v2\/types\/post"}],"author":[{"embeddable":true,"href":"https:\/\/www.europesays.com\/fr\/wp-json\/wp\/v2\/users\/2"}],"replies":[{"embeddable":true,"href":"https:\/\/www.europesays.com\/fr\/wp-json\/wp\/v2\/comments?post=532774"}],"version-history":[{"count":0,"href":"https:\/\/www.europesays.com\/fr\/wp-json\/wp\/v2\/posts\/532774\/revisions"}],"wp:featuredmedia":[{"embeddable":true,"href":"https:\/\/www.europesays.com\/fr\/wp-json\/wp\/v2\/media\/532775"}],"wp:attachment":[{"href":"https:\/\/www.europesays.com\/fr\/wp-json\/wp\/v2\/media?parent=532774"}],"wp:term":[{"taxonomy":"category","embeddable":true,"href":"https:\/\/www.europesays.com\/fr\/wp-json\/wp\/v2\/categories?post=532774"},{"taxonomy":"post_tag","embeddable":true,"href":"https:\/\/www.europesays.com\/fr\/wp-json\/wp\/v2\/tags?post=532774"}],"curies":[{"name":"wp","href":"https:\/\/api.w.org\/{rel}","templated":true}]}}