{"id":532783,"date":"2025-11-14T03:34:16","date_gmt":"2025-11-14T03:34:16","guid":{"rendered":"https:\/\/www.europesays.com\/fr\/532783\/"},"modified":"2025-11-14T03:34:16","modified_gmt":"2025-11-14T03:34:16","slug":"13-novembre-dix-ans-apres-quelle-menace-en-replay-c-ce-soir","status":"publish","type":"post","link":"https:\/\/www.europesays.com\/fr\/532783\/","title":{"rendered":"13 Novembre : Dix ans apr\u00e8s, quelle menace ? en replay &#8211; C ce soir"},"content":{"rendered":"<p class=\"kPgwkc gYsEFt\"><strong style=\"font-weight:normal\" id=\"docs-internal-guid-42e94dcf-7fff-47c7-1056-989ed0a6e58a\">Il y a 10 ans jour pour jour \u00e0 cette heure-ci, les djihadistes envoy\u00e9s par Daech avaient d\u00e9j\u00e0 frapp\u00e9 le stade de France, les terrasses parisiennes et le carnage \u00e9tait toujours en cours au Bataclan\u2026 130 morts ce soir-l\u00e0, l\u2019attaque terroriste la plus meurtri\u00e8re de notre histoire\u2026 Dix ans plus tard, la France pleure ses morts, la soci\u00e9t\u00e9 essaie encore de r\u00e9parer ses traumas et esp\u00e8re ne jamais revivre un nouveau 13 novembre\u2026 Alors justement qu\u2019en est-il de la menace terroriste islamiste ? Nous allons en d\u00e9battre ce soir avec nos invit\u00e9s :\u00a0<\/strong><\/p>\n<p class=\"kPgwkc gYsEFt\">&#8211; Elyamine SETTOUL Sociologue, maitre de conf\u00e9rences au Conservatoire national des arts et m\u00e9tiers, auteur de Supr\u00e9maciste. Anatomie d\u2019un parcours d\u2019ultradroite (Presses de l\u2019Universit\u00e9 Paris Cit\u00e9, 12 septembre 2025)<\/p>\n<p class=\"kPgwkc gYsEFt\">&#8211; Jean-Fran\u00e7ois RICARD Premier procureur de la R\u00e9publique antiterroriste, auteur d\u2019Antiterrorisme. La traque des jihadistes (avec Gilles Kepel &#8211; Plon, 9 octobre 2025)<\/p>\n<p class=\"kPgwkc gYsEFt\">&#8211; Jean-Fran\u00e7ois COLOSIMO Historien, documentariste, essayiste, \u00e9diteur, auteur d\u2019Occident, ennemi mondial n\u00b01 (Albin Michel, avril 2024)<\/p>\n<p class=\"kPgwkc gYsEFt\">&#8211; Anne-Cl\u00e9mentine LARROQUE Historienne des islamismes, charg\u00e9e de cours \u00e0 Sciences Po Paris<\/p>\n<p class=\"kPgwkc gYsEFt\">&#8211; Soren SEELOW Journaliste au Monde, sp\u00e9cialiste des questions de terrorisme, auteur de La Cellule. Enqu\u00eate sur les attentats du 13 novembre 2015 (Les Ar\u00e8nes BD, ao\u00fbt 2021)<\/p>\n<p>&#8211; Negar HAERI Avocate p\u00e9naliste au barreau de Paris<\/p>\n","protected":false},"excerpt":{"rendered":"Il y a 10 ans jour pour jour \u00e0 cette heure-ci, les djihadistes envoy\u00e9s par Daech avaient d\u00e9j\u00e0&hellip;\n","protected":false},"author":2,"featured_media":532784,"comment_status":"","ping_status":"","sticky":false,"template":"","format":"standard","meta":{"footnotes":""},"categories":[1356],"tags":[58,59,1011,27,252,1364],"class_list":{"0":"post-532783","1":"post","2":"type-post","3":"status-publish","4":"format-standard","5":"has-post-thumbnail","7":"category-television","8":"tag-divertissement","9":"tag-entertainment","10":"tag-fr","11":"tag-france","12":"tag-television","13":"tag-tv"},"share_on_mastodon":{"url":"https:\/\/pubeurope.com\/@fr\/115545955698948366","error":""},"_links":{"self":[{"href":"https:\/\/www.europesays.com\/fr\/wp-json\/wp\/v2\/posts\/532783","targetHints":{"allow":["GET"]}}],"collection":[{"href":"https:\/\/www.europesays.com\/fr\/wp-json\/wp\/v2\/posts"}],"about":[{"href":"https:\/\/www.europesays.com\/fr\/wp-json\/wp\/v2\/types\/post"}],"author":[{"embeddable":true,"href":"https:\/\/www.europesays.com\/fr\/wp-json\/wp\/v2\/users\/2"}],"replies":[{"embeddable":true,"href":"https:\/\/www.europesays.com\/fr\/wp-json\/wp\/v2\/comments?post=532783"}],"version-history":[{"count":0,"href":"https:\/\/www.europesays.com\/fr\/wp-json\/wp\/v2\/posts\/532783\/revisions"}],"wp:featuredmedia":[{"embeddable":true,"href":"https:\/\/www.europesays.com\/fr\/wp-json\/wp\/v2\/media\/532784"}],"wp:attachment":[{"href":"https:\/\/www.europesays.com\/fr\/wp-json\/wp\/v2\/media?parent=532783"}],"wp:term":[{"taxonomy":"category","embeddable":true,"href":"https:\/\/www.europesays.com\/fr\/wp-json\/wp\/v2\/categories?post=532783"},{"taxonomy":"post_tag","embeddable":true,"href":"https:\/\/www.europesays.com\/fr\/wp-json\/wp\/v2\/tags?post=532783"}],"curies":[{"name":"wp","href":"https:\/\/api.w.org\/{rel}","templated":true}]}}