{"id":532787,"date":"2025-11-14T03:36:28","date_gmt":"2025-11-14T03:36:28","guid":{"rendered":"https:\/\/www.europesays.com\/fr\/532787\/"},"modified":"2025-11-14T03:36:28","modified_gmt":"2025-11-14T03:36:28","slug":"seine-et-marne-a-melun-la-projection-du-documentaire-sacre-coeur-au-cinema-municipal-fait-des-vagues-le-parisien","status":"publish","type":"post","link":"https:\/\/www.europesays.com\/fr\/532787\/","title":{"rendered":"Seine-et-Marne : \u00e0 Melun, la projection du documentaire \u00ab Sacr\u00e9-C\u0153ur \u00bb au cin\u00e9ma municipal fait des vagues &#8211; Le Parisien"},"content":{"rendered":"<ol>\n<li><a href=\"https:\/\/news.google.com\/rss\/articles\/CBMilAJBVV95cUxQa2NXdDNyOUM1akwyVTc1UHY2SjVBSHQzVWhfS2JPWVdtTEhnanhESnBuNWJRRWRQbVRvSlhkOHN5Z09BaTI4R0oyY1BSbFVVMGpzbWpqTTg5S3RFczJkNWMxTkR2WjBqTDBEcmItWjdGbHpYcmtyR1lCR245WEE3a0Y2MkNvU2MtMUNueTh3MnUybllkeC1ySXpPWGxKTXBFZ3RTWktKWEZYSzRiNXM5Vkd1bzVEUXhnZ3hyaENyc3BaYXdDVG1SOEQzdk9GeXhDSHJKVjNYRHVNMExHeUJNMW03V1o0SEZRdVNEdVN6TmgtZ3pldktBa000UmxxSGw1eDhvTG9xUU5BRTB2dXdWYmFFU1Q?oc=5\" target=\"_blank\" rel=\"nofollow noopener\">Seine-et-Marne : \u00e0 Melun, la projection du documentaire \u00ab Sacr\u00e9-C\u0153ur \u00bb au cin\u00e9ma municipal fait des vagues<\/a>&nbsp;&nbsp;Le Parisien<\/li>\n<li><a href=\"https:\/\/news.google.com\/rss\/articles\/CBMi_AFBVV95cUxPeXRWSUFhd090SlpybzZidl8tcDN6STVpWmNCbXdreEJjNTVDWlFwaXktM1FYY0hybTRZemNtSGo4YV9GZGhRR3VicW9uSS1OcW93QzlZTkZWVmJvRkFTNjNkMmtHcWFUVXZMaEZZa3d6SGY3UFFQUEk1dmhiMmo4VGJPUDJMeEhPc3RVUmtCd25Zck9XUGxNOExPVmFHQW5GUHZSSHRxZG90cTlwbzU2UDZ1UmN5aUdRb2tWVlNSS2c2SVBMSGZ6LWZRMjZoZFVZMUFLNGxGMlNoeE9aWGJvSlpuNVRGay0zVHg2azZQZl9MbjEzbENaNnhDemU?oc=5\" target=\"_blank\" rel=\"nofollow noopener\">\u00ab La gauche culturelle ne comprend pas qu\u2019en voulant tuer le film catholique \u201cSacr\u00e9-C\u0153ur\u201d elle le soutient \u00bb<\/a>&nbsp;&nbsp;Le Monde.fr<\/li>\n<li><a href=\"https:\/\/news.google.com\/rss\/articles\/CBMinAFBVV95cUxORDkwTTdpOHhmS0o4UF9wVkRRZWNvcmlIWmJ4NkpEVXhBR3U2SThpZklLbWlLdzNZR0tycjNxN0lTZHJYT2ttemlWalhzSVJocm12eUtGcGhVUDhJWGh5enpFSEh6bkF6cnlrMHo2T09UeGgzY2VtRUZRMzBUV0RWWFBRVHRDNm9yNks2RVQ2SGRVQzhPMXQxZjVQTFU?oc=5\" target=\"_blank\" rel=\"nofollow noopener\">\u201cSacr\u00e9-C\u0153ur\u201d et \u201cLe roi des rois\u201d dans le top du cin\u00e9ma fran\u00e7ais<\/a>&nbsp;&nbsp;Aleteia<\/li>\n<li><a href=\"https:\/\/news.google.com\/rss\/articles\/CBMipgFBVV95cUxPODlrVDROYWlvd3hjR0xxckZQOWxpeVFSdmVqMEZBWjlqOW9NTTRrQkFVcThERG4zNjVmTUxBUWhQaXd4UkJXSGtLLUstN0cxblpwLXk0RmdjN0lFa3RXV0JGU3JQNGU5VHJqTVNjb0VtdmNpdVdMMlFzYVpwOEJxMEdhanZVMFcxdWtDaks4ME91VG5GeldCakZ1c2FFUC1NZmxZUW1n?oc=5\" target=\"_blank\" rel=\"nofollow noopener\">Paray-le-Monial. Les r\u00e9alisateurs du film Sacr\u00e9-C\u0153ur seront \u00e0 L\u2019Empire ce mardi<\/a>&nbsp;&nbsp;Le JSL<\/li>\n<li><a href=\"https:\/\/news.google.com\/rss\/articles\/CBMi2wFBVV95cUxQVHpUV2ZERXBXLUJJa1A1Z0t4d2JfYlp6cEJmVVJCaERhSFY5blNudVVLUUlYU0M3SEwzOGIwNVNiZlhmVElSZHNaQ2ZaaFNsQk9oRU5ZLU9PNVRWYTg2RHVUWk9Jd1c3Ry1KV09pSGVkZXYxdXBqUVJWRlpuaVIxVWFhQzV3NW1NREU5ZUJlNEhwa3pDN1ZudVJTUzlGWjdiZDdreHpqV0FLVUZFTWdwanl2M2ppRnpTQVJ3Zk92eEg3YlZSalpxOWhFVFlSOGVDRlJTWnQtZnpXUXc?oc=5\" target=\"_blank\" rel=\"nofollow noopener\">Le film documentaire \u00ab\u00a0Sacr\u00e9 Coeur &#8211; son r\u00e8gne n&rsquo;a pas de fin\u00a0\u00bb sera diffus\u00e9 \u00e0 Ajaccio \u00e0 la fin du mois<\/a>&nbsp;&nbsp;Corse Net Infos<\/li>\n<\/ol>\n","protected":false},"excerpt":{"rendered":"Seine-et-Marne : \u00e0 Melun, la projection du documentaire \u00ab Sacr\u00e9-C\u0153ur \u00bb au cin\u00e9ma municipal fait des vagues&nbsp;&nbsp;Le Parisien&hellip;\n","protected":false},"author":2,"featured_media":532788,"comment_status":"","ping_status":"","sticky":false,"template":"","format":"standard","meta":{"footnotes":""},"categories":[1354],"tags":[872,58,59,1346,1011,27,1944,1360,1937],"class_list":{"0":"post-532787","1":"post","2":"type-post","3":"status-publish","4":"format-standard","5":"has-post-thumbnail","7":"category-films","8":"tag-culture-et-loisirs","9":"tag-divertissement","10":"tag-entertainment","11":"tag-films","12":"tag-fr","13":"tag-france","14":"tag-ma-ville","15":"tag-movies","16":"tag-seine-et-marne"},"share_on_mastodon":{"url":"https:\/\/pubeurope.com\/@fr\/115545963506466875","error":""},"_links":{"self":[{"href":"https:\/\/www.europesays.com\/fr\/wp-json\/wp\/v2\/posts\/532787","targetHints":{"allow":["GET"]}}],"collection":[{"href":"https:\/\/www.europesays.com\/fr\/wp-json\/wp\/v2\/posts"}],"about":[{"href":"https:\/\/www.europesays.com\/fr\/wp-json\/wp\/v2\/types\/post"}],"author":[{"embeddable":true,"href":"https:\/\/www.europesays.com\/fr\/wp-json\/wp\/v2\/users\/2"}],"replies":[{"embeddable":true,"href":"https:\/\/www.europesays.com\/fr\/wp-json\/wp\/v2\/comments?post=532787"}],"version-history":[{"count":0,"href":"https:\/\/www.europesays.com\/fr\/wp-json\/wp\/v2\/posts\/532787\/revisions"}],"wp:featuredmedia":[{"embeddable":true,"href":"https:\/\/www.europesays.com\/fr\/wp-json\/wp\/v2\/media\/532788"}],"wp:attachment":[{"href":"https:\/\/www.europesays.com\/fr\/wp-json\/wp\/v2\/media?parent=532787"}],"wp:term":[{"taxonomy":"category","embeddable":true,"href":"https:\/\/www.europesays.com\/fr\/wp-json\/wp\/v2\/categories?post=532787"},{"taxonomy":"post_tag","embeddable":true,"href":"https:\/\/www.europesays.com\/fr\/wp-json\/wp\/v2\/tags?post=532787"}],"curies":[{"name":"wp","href":"https:\/\/api.w.org\/{rel}","templated":true}]}}