{"id":532793,"date":"2025-11-14T03:40:18","date_gmt":"2025-11-14T03:40:18","guid":{"rendered":"https:\/\/www.europesays.com\/fr\/532793\/"},"modified":"2025-11-14T03:40:18","modified_gmt":"2025-11-14T03:40:18","slug":"si-vous-voulez-garder-un-cerveau-jeune-et-en-forme-adoptez-ce-hobby-sans-attendre","status":"publish","type":"post","link":"https:\/\/www.europesays.com\/fr\/532793\/","title":{"rendered":"Si vous voulez garder un cerveau jeune et en forme, adoptez ce hobby sans attendre"},"content":{"rendered":"<p>Lorsque nous vieillissons, <a href=\"https:\/\/www.presse-citron.net\/quand-le-vieillissement-sattaque-aux-dernieres-evolutions-de-notre-cerveau\/\" target=\"_blank\" rel=\"noopener\">notre cerveau, comme tous les autres organes, se transforme<\/a> : la vitesse de traitement des informations ralentit, notre m\u00e9moire flanche et la plasticit\u00e9 neuronale est moins efficace. <a href=\"https:\/\/www.presse-citron.net\/et-si-votre-tasse-de-the-ou-de-cafe-protegeait-votre-cerveau-du-declin-cognitif\/\" target=\"_blank\" rel=\"noopener\">Le d\u00e9clin c\u00e9r\u00e9bral<\/a> est<strong> un processus naturel et in\u00e9luctable<\/strong>, mais il est fortement influenc\u00e9 par <a href=\"https:\/\/www.journaldugeek.com\/2025\/11\/11\/vous-cerveau-danger-jour-mauvaises-habitudes\/\" target=\"_blank\" rel=\"noopener\">nos habitudes de vie<\/a>.<\/p>\n<p>Certaines ont un effet n\u00e9gatif (consommation excessive de toxiques, manque de sommeil, mauvaise alimentation ou stress chronique, par exemple), mais d\u2019autres, au contraire, ont des vertus protectrices. Si l\u2019on peut citer la pratique r\u00e9guli\u00e8re d\u2019une activit\u00e9 physique ou la stimulation intellectuelle, <strong>c\u2019est aussi le\u00a0cas de la musique, un stimulus sensoriel et \u00e9motionnel<\/strong> qui active simultan\u00e9ment plusieurs de nos r\u00e9seaux c\u00e9r\u00e9braux. Une vaste \u00e9tude australienne, publi\u00e9e le 3 octobre <a href=\"https:\/\/onlinelibrary.wiley.com\/doi\/epdf\/10.1002\/gps.70163\" target=\"_blank\" rel=\"noopener\">dans la revue International Journal of Geriatric Psychiatry<\/a>, vient d\u2019apporter de solides donn\u00e9es quant \u00e0 ce potentiel protecteur.<\/p>\n<p> Votre cerveau est un m\u00e9lomane <\/p>\n<p>Quand notre cerveau vieillit, certaines de ses r\u00e9gions s\u2019atrophient (hippocampe et cortex associatif, notamment) et les voies c\u00e9r\u00e9brales qui assurent nos fonctions cognitives deviennent moins performantes avec le temps. Une lente \u00e9rosion, <strong>que la musique semble ralentir<\/strong>, si l\u2019on en croit les conclusions de cette \u00e9tude.<\/p>\n<p>Pendant trois ans, les chercheurs ont suivi 10\u00a0893 participants, \u00e2g\u00e9s de 70 ans et plus, tous sans diagnostic de d\u00e9mence au d\u00e9but de l\u2019\u00e9tude. Les personnes qui ont d\u00e9clar\u00e9 \u00e9couter de la musique r\u00e9guli\u00e8rement\u00a0pr\u00e9sentaient<strong> une probabilit\u00e9 39\u00a0% plus faible de voir appara\u00eetre une d\u00e9mence<\/strong>. Ce, en comparaison avec les participants n\u2019en \u00e9coutant jamais ou rarement. M\u00eame constat pour les atteintes cognitives plus l\u00e9g\u00e8res\u00a0: leur survenue \u00e9tait r\u00e9duite de 17\u00a0% chez les auditeurs r\u00e9guliers.<\/p>\n<p>Les chercheurs ont \u00e9galement not\u00e9 que les personnes \u00e9coutant plus fr\u00e9quemment de la musique se montraient <strong>plus performantes aux tests de cognition g\u00e9n\u00e9rale et de m\u00e9moire \u00e9pisodique<\/strong> (la capacit\u00e9 \u00e0 se rappeler d\u2019\u00e9v\u00e9nements pr\u00e9cis du quotidien).<\/p>\n<p>Comment expliquer cet effet\u00a0? Pour la neuropsychiatre \u00e9pid\u00e9miologiste Joanne Ryan, co autrice de l\u2019\u00e9tude, cela tient au fait que <strong>l\u2019\u00e9coute musicale active simultan\u00e9ment un grand nombre de r\u00e9gions c\u00e9r\u00e9brales<\/strong>. Une synergie qui renforce la plasticit\u00e9 c\u00e9r\u00e9brale, ce qui est particuli\u00e8rement b\u00e9n\u00e9fique lorsque l\u2019on vieillit.<\/p>\n<p>L\u2019\u00e9quipe <strong>n\u2019affirme pas pour autant qu\u2019un lien causal strict est d\u00e9montr\u00e9<\/strong>, car une \u00e9tude observationnelle ne permet pas d\u2019\u00e9tablir si la musique prot\u00e8ge r\u00e9ellement le cerveau. Des biais peuvent exister, comme par exemple le fait que les personnes jouissant d\u2019une meilleure sant\u00e9 cognitive puissent avoir tendance \u00e0 \u00e9couter davantage de musique. \u00ab\u00a0La musique pourrait ainsi contribuer \u00e0 pr\u00e9server certaines fonctions cognitives avec l\u2019\u00e2ge, sans que l\u2019on puisse affirmer qu\u2019elle soit, \u00e0 elle seule, \u00e0 l\u2019origine de cette protection\u00a0\u00bb, explique Emma Jaffa, autrice principale de l\u2019\u00e9tude.<\/p>\n<p>La pratique r\u00e9guli\u00e8re d\u2019un instrument est tout aussi positive pour le cerveau, puisque les personnes concern\u00e9es \u00e9taient beaucoup moins susceptibles de voir appara\u00eetre une d\u00e9mence, avec <strong>une baisse de 35\u00a0% par rapport aux autres participants<\/strong>.<\/p>\n<p>Lorsque l\u2019on cumule \u00e0 la fois l\u2019\u00e9coute et la pratique,<strong> le tableau est encore plus favorable<\/strong> : les diagnostics de d\u00e9mence diminuent de 33\u00a0%, et les autres alt\u00e9rations cognitives (non li\u00e9es \u00e0 la d\u00e9mence) de 22\u00a0%.<\/p>\n<p>En aucun cas la preuve n\u2019a \u00e9t\u00e9 d\u00e9montr\u00e9e que la musique (\u00e9cout\u00e9e ou jou\u00e9e) serait une esp\u00e8ce de \u00ab\u00a0vaccin contre la d\u00e9mence\u00a0\u00bb, mais il est certain qu\u2019elle est <strong>un environnement hautement stimulant pour le cerveau<\/strong>. Tr\u00e8s franchement, si une habitude aussi agr\u00e9able peut faire du bien \u00e0 nos neurones, <strong>nous aurions tort de nous en priver<\/strong>. C\u2019est le moment de sortir vos playlists <a href=\"https:\/\/www.presse-citron.net\/telecharger\/multimedia\/outils_internet\/spotify.html\" target=\"_blank\" rel=\"noopener\">Spotify<\/a> ou <a href=\"https:\/\/www.presse-citron.net\/telecharger\/multimedia\/diffusion-audio-et-video\/deezer.html\" target=\"_blank\" rel=\"noopener\">Deezer<\/a>, votre lecteur CD ou vos vinyles\u00a0: vous ne ralentirez pas le temps, mais vous offrirez \u00e0 votre cerveau <strong>un bain musical dont il est friand<\/strong> !<\/p>\n<ul class=\"tldr\">\n<li>Une vaste cohorte australienne montre que l\u2019exposition r\u00e9guli\u00e8re \u00e0 la musique est associ\u00e9e \u00e0 une moindre apparition de d\u00e9mence et de troubles cognitifs chez les seniors.<\/li>\n<li>L\u2019\u00e9coute et la pratique mobilisent simultan\u00e9ment de nombreux r\u00e9seaux c\u00e9r\u00e9braux, ce qui pourrait soutenir la plasticit\u00e9 neuronale et certaines fonctions de m\u00e9moire.<\/li>\n<li>L\u2019\u00e9tude ne prouve pas un r\u00f4le causal, mais sugg\u00e8re que la musique fait partie des habitudes simples pouvant accompagner un vieillissement c\u00e9r\u00e9bral plus stable.<\/li>\n<\/ul>\n<blockquote>\n<p class=\"text-base text-neutral-700 dark:text-neutral-300\">\ud83d\udccd Pour ne manquer aucune actualit\u00e9 de Presse-citron, suivez-nous sur <a href=\"https:\/\/news.google.com\/publications\/CAAqBggKMIPiNTC70wU?hl=fr&amp;gl=FR&amp;ceid=FR%3Afr\" target=\"_blank\" rel=\"noopener\">Google Actualit\u00e9s<\/a> et <a href=\"https:\/\/whatsapp.com\/channel\/0029VaCkGuz4NViitBXbEr0b\" target=\"_blank\" rel=\"noopener\">WhatsApp<\/a>.<\/p>\n<\/blockquote>\n","protected":false},"excerpt":{"rendered":"Lorsque nous vieillissons, notre cerveau, comme tous les autres organes, se transforme : la vitesse de traitement des&hellip;\n","protected":false},"author":2,"featured_media":532794,"comment_status":"","ping_status":"","sticky":false,"template":"","format":"standard","meta":{"footnotes":""},"categories":[7],"tags":[231,1011,27,873,43,40,41,39,42,44],"class_list":{"0":"post-532793","1":"post","2":"type-post","3":"status-publish","4":"format-standard","5":"has-post-thumbnail","7":"category-sciences-et-technologies","8":"tag-cerveau","9":"tag-fr","10":"tag-france","11":"tag-musique","12":"tag-science","13":"tag-science-and-technology","14":"tag-sciences","15":"tag-sciences-et-technologies","16":"tag-technologies","17":"tag-technology"},"share_on_mastodon":{"url":"https:\/\/pubeurope.com\/@fr\/115545979351222480","error":""},"_links":{"self":[{"href":"https:\/\/www.europesays.com\/fr\/wp-json\/wp\/v2\/posts\/532793","targetHints":{"allow":["GET"]}}],"collection":[{"href":"https:\/\/www.europesays.com\/fr\/wp-json\/wp\/v2\/posts"}],"about":[{"href":"https:\/\/www.europesays.com\/fr\/wp-json\/wp\/v2\/types\/post"}],"author":[{"embeddable":true,"href":"https:\/\/www.europesays.com\/fr\/wp-json\/wp\/v2\/users\/2"}],"replies":[{"embeddable":true,"href":"https:\/\/www.europesays.com\/fr\/wp-json\/wp\/v2\/comments?post=532793"}],"version-history":[{"count":0,"href":"https:\/\/www.europesays.com\/fr\/wp-json\/wp\/v2\/posts\/532793\/revisions"}],"wp:featuredmedia":[{"embeddable":true,"href":"https:\/\/www.europesays.com\/fr\/wp-json\/wp\/v2\/media\/532794"}],"wp:attachment":[{"href":"https:\/\/www.europesays.com\/fr\/wp-json\/wp\/v2\/media?parent=532793"}],"wp:term":[{"taxonomy":"category","embeddable":true,"href":"https:\/\/www.europesays.com\/fr\/wp-json\/wp\/v2\/categories?post=532793"},{"taxonomy":"post_tag","embeddable":true,"href":"https:\/\/www.europesays.com\/fr\/wp-json\/wp\/v2\/tags?post=532793"}],"curies":[{"name":"wp","href":"https:\/\/api.w.org\/{rel}","templated":true}]}}