{"id":532813,"date":"2025-11-14T03:58:28","date_gmt":"2025-11-14T03:58:28","guid":{"rendered":"https:\/\/www.europesays.com\/fr\/532813\/"},"modified":"2025-11-14T03:58:28","modified_gmt":"2025-11-14T03:58:28","slug":"a-rouen-250-agriculteurs-manifestent-contre-laccord-avec-le-mercosur-13-11-2025-a-1803","status":"publish","type":"post","link":"https:\/\/www.europesays.com\/fr\/532813\/","title":{"rendered":"A Rouen, 250 agriculteurs manifestent contre l&rsquo;accord avec le Mercosur &#8211; 13\/11\/2025 \u00e0 18:03"},"content":{"rendered":"<p>        <img decoding=\"async\" src=\"https:\/\/www.europesays.com\/fr\/wp-content\/uploads\/2025\/11\/98c3bb8a1e966b186f396486ec688c4e-760x506.jpg\" alt=\"Manifestation d'agriculteurs \u00e0 Rouen, le 12 novembre 2025 ( AFP \/ LOU BENOIST )\" loading=\"eager\" fetchpriority=\"high\" width=\"760\" height=\"506\" style=\"max-width: 100%!important; height: auto;\"\/><\/p>\n<p class=\"c-image-news__legend\">Manifestation d&rsquo;agriculteurs \u00e0 Rouen, le 12 novembre 2025 ( AFP \/ LOU BENOIST )<\/p>\n<p>\n Quelque 250 agriculteurs, avec une quarantaine de tracteurs, ont manifest\u00e9 mercredi soir \u00e0 Rouen devant la pr\u00e9fecture pour exprimer leur refus du projet d&rsquo;accord commercial entre l&rsquo;Union europ\u00e9enne et des pays du Mercosur, a constat\u00e9 un correspondant de l&rsquo;AFP.\n<\/p>\n<p>\n \u00ab\u00a0On est l\u00e0 ce soir parce qu&rsquo;il y a un ras-le-bol g\u00e9n\u00e9ral. \u00c7a fait maintenant quasiment deux ans qu&rsquo;on est en manifestation. On nous a fait croire des choses qu&rsquo;on n&rsquo;a pas eues\u00a0\u00bb, a r\u00e9sum\u00e9 J\u00e9r\u00f4me Malandain, pr\u00e9sident des Jeunes Agriculteurs de Seine-Maritime.\n<\/p>\n<p>\n \u00ab\u00a0Mercosur non\u00a0\u00bb ou \u00ab\u00a0Ruralit\u00e9, libert\u00e9\u00a0\u00bb, proclamaient des pancartes fix\u00e9es \u00e0 l&rsquo;avant des tracteurs, r\u00e9unis \u00e0 l&rsquo;appel des syndicats FDSEA et Jeunes Agriculteurs, qui ont donn\u00e9 un concert de klaxons sur la place de la pr\u00e9fecture, non loin de la Seine.\n<\/p>\n<p>\n Deux bottes de foin ainsi que des d\u00e9chets de bois et plastique ont \u00e9t\u00e9 d\u00e9pos\u00e9s pour faire un feu par les manifestants, qui ont \u00e9galement organis\u00e9 un grand barbecue.\n<\/p>\n<\/p>\n<p>\n \u00ab\u00a0Les accords du Mercosur vont \u00eatre sign\u00e9s et on va nous rajouter des taxes sur l&rsquo;engrais\u00a0\u00bb \u00e0 l&rsquo;importation, \u00ab\u00a0on nous m\u00e8ne au bateau depuis le d\u00e9part\u00a0\u00bb, s&rsquo;est emport\u00e9 J\u00e9r\u00f4me Malandain.\n<\/p>\n<p>\n \u00ab\u00a0Le probl\u00e8me, c&rsquo;est qu&rsquo;on va faire importer des produits qui ne respectent aucune norme europ\u00e9enne. Clairement. C&rsquo;est une concurrence d\u00e9loyale\u00a0\u00bb, a-t-il protest\u00e9.\n<\/p>\n<p>\n \u00ab\u00a0On sait tr\u00e8s bien qu&rsquo;on est incapables de contr\u00f4ler quoi que ce soit aujourd&rsquo;hui au travers de nos fronti\u00e8res. On le voit bien avec le textile\u00a0\u00bb, a rench\u00e9ri Bruno Ledru, pr\u00e9sident de la FDSEA 76.\n<\/p>\n<p>\n \u00ab\u00a0On pensait avoir \u00e9t\u00e9 compris il y a un an et demi. En fait, pas du tout\u00a0\u00bb, a-t-il d\u00e9plor\u00e9 en accusant le pr\u00e9sident Emmanuel Macron d&rsquo;avoir \u00ab\u00a0chang\u00e9 de discours\u00a0\u00bb sur l&rsquo;accord avec des pays du Mercosur.\n<\/p>\n<p>\n \u00ab\u00a0M\u00eame s&rsquo;il dit aujourd&rsquo;hui qu&rsquo;en l&rsquo;\u00e9tat l&rsquo;accord n&rsquo;est pas bon, il ne dit plus qu&rsquo;il ne veut plus d&rsquo;accord\u00a0\u00bb, a-t-il relev\u00e9.\n<\/p>\n<p>\n Le pr\u00e9sident Macron, qui s&rsquo;est entretenu mercredi avec une d\u00e9l\u00e9gation d&rsquo;agriculteurs \u00e0 Toulouse, a dit que l&rsquo;accord \u00ab\u00a0tel qu&rsquo;il existe aujourd&rsquo;hui, recueillera un non tr\u00e8s ferme de la France\u00a0\u00bb, a rapport\u00e9 la ministre de l&rsquo;Agriculture Annie Genevard.<\/p>\n","protected":false},"excerpt":{"rendered":"Manifestation d&rsquo;agriculteurs \u00e0 Rouen, le 12 novembre 2025 ( AFP \/ LOU BENOIST ) Quelque 250 agriculteurs, avec&hellip;\n","protected":false},"author":2,"featured_media":532814,"comment_status":"","ping_status":"","sticky":false,"template":"","format":"standard","meta":{"footnotes":""},"categories":[9587],"tags":[400,1111,11,398,408,405,1777,674,1011,27,403,402,399,404,12,5161,25,9590,401,406,407],"class_list":{"0":"post-532813","1":"post","2":"type-post","3":"status-publish","4":"format-standard","5":"has-post-thumbnail","7":"category-rouen","8":"tag-action-cac-40","9":"tag-actu","10":"tag-actualites","11":"tag-bourse-de-paris","12":"tag-boursorama","13":"tag-cotations","14":"tag-eu","15":"tag-europe","16":"tag-fr","17":"tag-france","18":"tag-indices-devises","19":"tag-investir","20":"tag-investissement","21":"tag-marche-boursier","22":"tag-news","23":"tag-normandie","24":"tag-republique-francaise","25":"tag-rouen","26":"tag-sicav","27":"tag-trackers","28":"tag-warrants"},"share_on_mastodon":{"url":"https:\/\/pubeurope.com\/@fr\/115546051222407113","error":""},"_links":{"self":[{"href":"https:\/\/www.europesays.com\/fr\/wp-json\/wp\/v2\/posts\/532813","targetHints":{"allow":["GET"]}}],"collection":[{"href":"https:\/\/www.europesays.com\/fr\/wp-json\/wp\/v2\/posts"}],"about":[{"href":"https:\/\/www.europesays.com\/fr\/wp-json\/wp\/v2\/types\/post"}],"author":[{"embeddable":true,"href":"https:\/\/www.europesays.com\/fr\/wp-json\/wp\/v2\/users\/2"}],"replies":[{"embeddable":true,"href":"https:\/\/www.europesays.com\/fr\/wp-json\/wp\/v2\/comments?post=532813"}],"version-history":[{"count":0,"href":"https:\/\/www.europesays.com\/fr\/wp-json\/wp\/v2\/posts\/532813\/revisions"}],"wp:featuredmedia":[{"embeddable":true,"href":"https:\/\/www.europesays.com\/fr\/wp-json\/wp\/v2\/media\/532814"}],"wp:attachment":[{"href":"https:\/\/www.europesays.com\/fr\/wp-json\/wp\/v2\/media?parent=532813"}],"wp:term":[{"taxonomy":"category","embeddable":true,"href":"https:\/\/www.europesays.com\/fr\/wp-json\/wp\/v2\/categories?post=532813"},{"taxonomy":"post_tag","embeddable":true,"href":"https:\/\/www.europesays.com\/fr\/wp-json\/wp\/v2\/tags?post=532813"}],"curies":[{"name":"wp","href":"https:\/\/api.w.org\/{rel}","templated":true}]}}