{"id":532843,"date":"2025-11-14T04:17:20","date_gmt":"2025-11-14T04:17:20","guid":{"rendered":"https:\/\/www.europesays.com\/fr\/532843\/"},"modified":"2025-11-14T04:17:20","modified_gmt":"2025-11-14T04:17:20","slug":"a-marseille-nora-preziosi-privee-de-delegation-et-de-badge-dentree-au-departement","status":"publish","type":"post","link":"https:\/\/www.europesays.com\/fr\/532843\/","title":{"rendered":"\u00c0 Marseille, Nora Preziosi priv\u00e9e de d\u00e9l\u00e9gation et&#8230; de badge d&rsquo;entr\u00e9e au D\u00e9partement"},"content":{"rendered":"<p>\u00ab\u00a0Le badge d&rsquo;acc\u00e8s \u00e0 son bureau au 8e \u00e9tage de la collectivit\u00e9 a \u00e9t\u00e9 d\u00e9sactiv\u00e9\u00a0\u00bb, faisait-elle savoir dans un communiqu\u00e9, vid\u00e9o sur les r\u00e9seaux sociaux \u00e0 l&rsquo;appui.<\/p>\n<p>Elle d\u00e9nonce \u00ab\u00a0une mesure \u00e0 caract\u00e8re\u00a0politique, dont la rapidit\u00e9 d&rsquo;ex\u00e9cution interroge sur le respect du d\u00e9bat\u00a0d\u00e9mocratique et du pluralisme au sein des institutions locales\u00a0\u00bb.<\/p>\n<p>Et de pointer le fait qu'\u00a0\u00bb<a href=\"https:\/\/www.laprovence.com\/article\/region\/26286166474303\/legislatives-je-ne-suis-pas-un-maire-d-extreme-droite-affirme-le-maire-de-marignane\" target=\"_blank\" rel=\"noopener\">\u00c9ric Le Diss\u00e8s, \u00e9lu d\u00e9partemental<\/a> soutenant officiellement et publiquement le Rassemblement national il y a plusieurs mois, n&rsquo;a fait l&rsquo;objet d&rsquo;aucune mesure similaire : il conserve \u00e0 ce jour\u00a0sa vice-pr\u00e9sidence, sa d\u00e9l\u00e9gation et son bureau au 8e \u00e9tage. Cette diff\u00e9rence de traitement soul\u00e8ve non seulement une question d&rsquo;\u00e9quit\u00e9 et de coh\u00e9rence mais d\u00e9montre (s&rsquo;il en \u00e9tait besoin) <a href=\"https:\/\/www.laprovence.com\/article\/region\/2449338382597114\/metropole-aix-marseille-le-rn-recrute-encore-chez-martine-vassal\" target=\"_blank\" rel=\"noopener\">l&rsquo;entente existant entre Martine\u00a0Vassal et le RN<\/a>\u00ab\u00a0. Ambiance.\u00a0<\/p>\n","protected":false},"excerpt":{"rendered":"\u00ab\u00a0Le badge d&rsquo;acc\u00e8s \u00e0 son bureau au 8e \u00e9tage de la collectivit\u00e9 a \u00e9t\u00e9 d\u00e9sactiv\u00e9\u00a0\u00bb, faisait-elle savoir dans&hellip;\n","protected":false},"author":2,"featured_media":532844,"comment_status":"","ping_status":"","sticky":false,"template":"","format":"standard","meta":{"footnotes":""},"categories":[2814],"tags":[17,1111,11,65260,15491,12219,1777,674,1011,27,884,12,16264,16265,14288,882,16,25],"class_list":{"0":"post-532843","1":"post","2":"type-post","3":"status-publish","4":"format-standard","5":"has-post-thumbnail","7":"category-marseille","8":"tag-17","9":"tag-actu","10":"tag-actualites","11":"tag-badge","12":"tag-delegation","13":"tag-et","14":"tag-eu","15":"tag-europe","16":"tag-fr","17":"tag-france","18":"tag-marseille","19":"tag-news","20":"tag-nora","21":"tag-preziosi","22":"tag-privee","23":"tag-provence-alpes-cote-dazur","24":"tag-region","25":"tag-republique-francaise"},"share_on_mastodon":{"url":"https:\/\/pubeurope.com\/@fr\/115546124725768455","error":""},"_links":{"self":[{"href":"https:\/\/www.europesays.com\/fr\/wp-json\/wp\/v2\/posts\/532843","targetHints":{"allow":["GET"]}}],"collection":[{"href":"https:\/\/www.europesays.com\/fr\/wp-json\/wp\/v2\/posts"}],"about":[{"href":"https:\/\/www.europesays.com\/fr\/wp-json\/wp\/v2\/types\/post"}],"author":[{"embeddable":true,"href":"https:\/\/www.europesays.com\/fr\/wp-json\/wp\/v2\/users\/2"}],"replies":[{"embeddable":true,"href":"https:\/\/www.europesays.com\/fr\/wp-json\/wp\/v2\/comments?post=532843"}],"version-history":[{"count":0,"href":"https:\/\/www.europesays.com\/fr\/wp-json\/wp\/v2\/posts\/532843\/revisions"}],"wp:featuredmedia":[{"embeddable":true,"href":"https:\/\/www.europesays.com\/fr\/wp-json\/wp\/v2\/media\/532844"}],"wp:attachment":[{"href":"https:\/\/www.europesays.com\/fr\/wp-json\/wp\/v2\/media?parent=532843"}],"wp:term":[{"taxonomy":"category","embeddable":true,"href":"https:\/\/www.europesays.com\/fr\/wp-json\/wp\/v2\/categories?post=532843"},{"taxonomy":"post_tag","embeddable":true,"href":"https:\/\/www.europesays.com\/fr\/wp-json\/wp\/v2\/tags?post=532843"}],"curies":[{"name":"wp","href":"https:\/\/api.w.org\/{rel}","templated":true}]}}