{"id":532855,"date":"2025-11-14T04:25:20","date_gmt":"2025-11-14T04:25:20","guid":{"rendered":"https:\/\/www.europesays.com\/fr\/532855\/"},"modified":"2025-11-14T04:25:20","modified_gmt":"2025-11-14T04:25:20","slug":"le-monde-a-besoin-de-fraternite-la-violence-nest-jamais-une-solution-a-paris-la-commemoration-des-attentats-du-13-novembre-2015-news","status":"publish","type":"post","link":"https:\/\/www.europesays.com\/fr\/532855\/","title":{"rendered":"\u00ab\u00a0Le monde a besoin de fraternit\u00e9 : la violence n\u2019est jamais une solution.\u00a0\u00bb A Paris, la comm\u00e9moration des attentats du 13 novembre 2015 &#8211; NEWS"},"content":{"rendered":"<blockquote itemprop=\"alternativeHeadline\"\/>\n<p style=\"text-align: justify;\">Le 12 novembre 2025, les Jeunes pour la paix \u00e9tudiants, qui se  r\u00e9unissent habituellement chaque mercredi soir pour le service des  maraudes, se sont retrouv\u00e9s un peu avant \u00e0 18h30 place de la R\u00e9publique  avec de nombreux citoyens de Paris pour un moment de m\u00e9moire et de paix.<\/p>\n<p style=\"text-align: justify;\">Ils  y ont d\u00e9pos\u00e9 une couronne de fleurs au nom des Jeunes pour la Paix de  Sant\u2019Egidio,\u00a0pour comm\u00e9morer les victimes des attentats du 13 novembre  2015. Ils ont \u00e9galement pu saluer la maire Anne Hidalgo, qui les a  remerci\u00e9s pour le travail que Sant&rsquo;Egidio accomplit quotidiennement en  faveur de l&rsquo;inclusion des plus pauvres.<\/p>\n<p style=\"text-align: justify;\">\u00ab\u00a0Nous sommes ici parce que  la m\u00e9moire est importante, sans m\u00e9moire il n&rsquo;y a pas d&rsquo;avenir\u00a0\u00bb,  t\u00e9moigne Cl\u00e9ment. \u00ab\u00a0Les Jeunes pour la paix sont venus parce que le monde  dans lequel nous vivons est habit\u00e9 par la violence, mais le dialogue et  la rencontre entre les cultures sont l&rsquo;alternative pour laquelle nous  nous engageons.\u00a0\u00bb<\/p>\n<p style=\"text-align: justify;\">A Paris, Sant&rsquo;Egidio construit quotidiennement  des ponts d&rsquo;amiti\u00e9 avec les plus pauvres\u00a0: enfants, personnes \u00e2g\u00e9es,  sans-abri, r\u00e9fugi\u00e9s.<\/p>\n","protected":false},"excerpt":{"rendered":"Le 12 novembre 2025, les Jeunes pour la paix \u00e9tudiants, qui se r\u00e9unissent habituellement chaque mercredi soir pour&hellip;\n","protected":false},"author":2,"featured_media":532856,"comment_status":"","ping_status":"","sticky":false,"template":"","format":"standard","meta":{"footnotes":""},"categories":[1888],"tags":[1111,1928,11,1927,1777,674,1011,27,280,12,1926,626,1925,25,809],"class_list":{"0":"post-532855","1":"post","2":"type-post","3":"status-publish","4":"format-standard","5":"has-post-thumbnail","7":"category-paris","8":"tag-actu","9":"tag-actu-paris","10":"tag-actualites","11":"tag-actualites-paris","12":"tag-eu","13":"tag-europe","14":"tag-fr","15":"tag-france","16":"tag-memoire","17":"tag-news","18":"tag-news-paris","19":"tag-paris","20":"tag-paris-news","21":"tag-republique-francaise","22":"tag-violence"},"share_on_mastodon":{"url":"https:\/\/pubeurope.com\/@fr\/115546156235089875","error":""},"_links":{"self":[{"href":"https:\/\/www.europesays.com\/fr\/wp-json\/wp\/v2\/posts\/532855","targetHints":{"allow":["GET"]}}],"collection":[{"href":"https:\/\/www.europesays.com\/fr\/wp-json\/wp\/v2\/posts"}],"about":[{"href":"https:\/\/www.europesays.com\/fr\/wp-json\/wp\/v2\/types\/post"}],"author":[{"embeddable":true,"href":"https:\/\/www.europesays.com\/fr\/wp-json\/wp\/v2\/users\/2"}],"replies":[{"embeddable":true,"href":"https:\/\/www.europesays.com\/fr\/wp-json\/wp\/v2\/comments?post=532855"}],"version-history":[{"count":0,"href":"https:\/\/www.europesays.com\/fr\/wp-json\/wp\/v2\/posts\/532855\/revisions"}],"wp:featuredmedia":[{"embeddable":true,"href":"https:\/\/www.europesays.com\/fr\/wp-json\/wp\/v2\/media\/532856"}],"wp:attachment":[{"href":"https:\/\/www.europesays.com\/fr\/wp-json\/wp\/v2\/media?parent=532855"}],"wp:term":[{"taxonomy":"category","embeddable":true,"href":"https:\/\/www.europesays.com\/fr\/wp-json\/wp\/v2\/categories?post=532855"},{"taxonomy":"post_tag","embeddable":true,"href":"https:\/\/www.europesays.com\/fr\/wp-json\/wp\/v2\/tags?post=532855"}],"curies":[{"name":"wp","href":"https:\/\/api.w.org\/{rel}","templated":true}]}}