{"id":532861,"date":"2025-11-14T04:29:16","date_gmt":"2025-11-14T04:29:16","guid":{"rendered":"https:\/\/www.europesays.com\/fr\/532861\/"},"modified":"2025-11-14T04:29:16","modified_gmt":"2025-11-14T04:29:16","slug":"un-avion-de-chasse-su-30-secrase-en-russie","status":"publish","type":"post","link":"https:\/\/www.europesays.com\/fr\/532861\/","title":{"rendered":"Un avion de chasse Su-30 s&rsquo;\u00e9crase en Russie"},"content":{"rendered":"<p>Un avion de chasse militaire Su-30 s&rsquo;est \u00e9cras\u00e9 dans le nord-ouest de la Russie le jeudi 13 novembre.<\/p>\n<p style=\"text-align: justify;\">Selon Ukrinform, relay\u00e9 par Mediazona,<\/p>\n<p style=\"text-align: justify;\">Le gouverneur de la R\u00e9publique de Car\u00e9lie, Artur Parfentchikov, a d\u00e9clar\u00e9 qu&rsquo;un avion militaire s&rsquo;\u00e9tait \u00e9cras\u00e9 dans la r\u00e9gion de Prionejsky.<\/p>\n<p style=\"text-align: justify;\">Plus tard, le minist\u00e8re russe de la D\u00e9fense a pr\u00e9cis\u00e9 qu&rsquo;il s&rsquo;agissait d&rsquo;un Su-30. L&rsquo;\u00e9quipage a p\u00e9ri dans l&rsquo;accident.<\/p>\n<p style=\"text-align: justify;\">Le Su-30 est un chasseur multir\u00f4le biplace de quatri\u00e8me g\u00e9n\u00e9ration.<\/p>\n<p style=\"text-align: justify;\">Pour rappel, un avion de chasse MiG-31 s&rsquo;est \u00e9cras\u00e9 dans la r\u00e9gion de Lipetsk, en Russie le 10 octobre\u00a0; l&rsquo;\u00e9quipage s&rsquo;est \u00e9ject\u00e9.<\/p>\n<p style=\"text-align: justify;\">Une semaine auparavant, un avion de transport l\u00e9ger An-2 s&rsquo;\u00e9tait \u00e9cras\u00e9 dans le territoire de Krasno\u00efarsk, en Russie.<\/p>\n<p style=\"text-align: justify;\">Photo illustrative<\/p>\n","protected":false},"excerpt":{"rendered":"Un avion de chasse militaire Su-30 s&rsquo;est \u00e9cras\u00e9 dans le nord-ouest de la Russie le jeudi 13 novembre.&hellip;\n","protected":false},"author":2,"featured_media":532862,"comment_status":"","ping_status":"","sticky":false,"template":"","format":"standard","meta":{"footnotes":""},"categories":[1591],"tags":[11,1887,12,1885,1886,132],"class_list":{"0":"post-532861","1":"post","2":"type-post","3":"status-publish","4":"format-standard","5":"has-post-thumbnail","7":"category-russie","8":"tag-actualites","9":"tag-federation-de-russie","10":"tag-news","11":"tag-russia","12":"tag-russian-federation","13":"tag-russie"},"share_on_mastodon":{"url":"https:\/\/pubeurope.com\/@fr\/115546171816601774","error":""},"_links":{"self":[{"href":"https:\/\/www.europesays.com\/fr\/wp-json\/wp\/v2\/posts\/532861","targetHints":{"allow":["GET"]}}],"collection":[{"href":"https:\/\/www.europesays.com\/fr\/wp-json\/wp\/v2\/posts"}],"about":[{"href":"https:\/\/www.europesays.com\/fr\/wp-json\/wp\/v2\/types\/post"}],"author":[{"embeddable":true,"href":"https:\/\/www.europesays.com\/fr\/wp-json\/wp\/v2\/users\/2"}],"replies":[{"embeddable":true,"href":"https:\/\/www.europesays.com\/fr\/wp-json\/wp\/v2\/comments?post=532861"}],"version-history":[{"count":0,"href":"https:\/\/www.europesays.com\/fr\/wp-json\/wp\/v2\/posts\/532861\/revisions"}],"wp:featuredmedia":[{"embeddable":true,"href":"https:\/\/www.europesays.com\/fr\/wp-json\/wp\/v2\/media\/532862"}],"wp:attachment":[{"href":"https:\/\/www.europesays.com\/fr\/wp-json\/wp\/v2\/media?parent=532861"}],"wp:term":[{"taxonomy":"category","embeddable":true,"href":"https:\/\/www.europesays.com\/fr\/wp-json\/wp\/v2\/categories?post=532861"},{"taxonomy":"post_tag","embeddable":true,"href":"https:\/\/www.europesays.com\/fr\/wp-json\/wp\/v2\/tags?post=532861"}],"curies":[{"name":"wp","href":"https:\/\/api.w.org\/{rel}","templated":true}]}}