{"id":532866,"date":"2025-11-14T04:33:12","date_gmt":"2025-11-14T04:33:12","guid":{"rendered":"https:\/\/www.europesays.com\/fr\/532866\/"},"modified":"2025-11-14T04:33:12","modified_gmt":"2025-11-14T04:33:12","slug":"en-albanie-la-jeunesse-de-kukes-cherche-a-se-batir-un-avenir-au-royaume-uni","status":"publish","type":"post","link":"https:\/\/www.europesays.com\/fr\/532866\/","title":{"rendered":"En Albanie, la jeunesse de Kuk\u00ebs cherche \u00e0 se b\u00e2tir un avenir au Royaume-Uni"},"content":{"rendered":"\n<p class=\"article__paragraph article__paragraph--lf \">Dans les rues de Kuk\u00ebs, dans le nord de l\u2019Albanie, \u00e0 une vingtaine de kilom\u00e8tres de la fronti\u00e8re du Kosovo, de nombreuses voitures circulent avec un volant \u00e0 droite et des plaques d\u2019immatriculation britanniques. Ces berlines rutilantes et autres SUV filent \u00e0 vive allure entre les immeubles ternes datant de l\u2019\u00e9poque communiste et longent le lac artificiel et les montagnes de cette ville de 60\u00a0000\u00a0habitants, parmi les plus pauvres de ce pays o\u00f9 le salaire moyen ne d\u00e9passe pas 700\u00a0euros par mois.<\/p>\n<p class=\"article__paragraph article__paragraph--lf \">Ces dix derni\u00e8res ann\u00e9es, dans l\u2019espoir d\u2019une vie meilleure, plusieurs milliers d\u2019habitants des environs sont partis pour le Royaume-Uni, clandestinement pour la plupart. Pour la seule ann\u00e9e 2022, selon les derni\u00e8res donn\u00e9es publiques disponibles, 12\u00a0000\u00a0Albanais ont entam\u00e9 un p\u00e9riple de plus de 2\u00a0000\u00a0kilom\u00e8tres pour tenter la travers\u00e9e depuis la France et atteindre l\u2019Angleterre.<\/p>\n<p class=\"article__paragraph article__paragraph--lf \">Avant d\u2019entamer, pour certains, le chemin en sens inverse\u00a0:<strong> <\/strong>Elvant Gashi, originaire de Kuk\u00ebs, a pass\u00e9 huit ans \u00e0 Londres. Mais, d\u00e9\u00e7u par son existence outre-Manche, sans sa famille, \u00e0 l\u2019exception d\u2019un oncle aupr\u00e8s duquel il a appris le m\u00e9tier de coiffeur, le migrant de 28\u00a0ans a pr\u00e9f\u00e9r\u00e9 revenir dans sa ville natale en juin pour y ouvrir un salon de barbier.<\/p>\n<p>                    Conditions pr\u00e9caires                    <\/p>\n<p class=\"article__paragraph article__paragraph--lf \">Au Royaume-Uni, la plupart de ces jeunes hommes (et quelques rares femmes) vivotent dans des conditions pr\u00e9caires, souvent comme travailleurs non d\u00e9clar\u00e9s ou employ\u00e9s dans des plantations de cannabis ill\u00e9gales, en majorit\u00e9 contr\u00f4l\u00e9es par des narcotrafiquants venus d\u2019Albanie. Depuis deux ans, certains, essor\u00e9s, reviennent avec, parfois, ces v\u00e9hicules flambant neufs brandis comme la pr\u00e9tendue preuve de leur r\u00e9ussite loin des Balkans.<\/p>\n<p class=\"reading-mode-only \"><strong>Il vous reste 78.19% de cet article \u00e0 lire. La suite est r\u00e9serv\u00e9e aux abonn\u00e9s.<\/strong><\/p>\n","protected":false},"excerpt":{"rendered":"Dans les rues de Kuk\u00ebs, dans le nord de l\u2019Albanie, \u00e0 une vingtaine de kilom\u00e8tres de la fronti\u00e8re&hellip;\n","protected":false},"author":2,"featured_media":532867,"comment_status":"","ping_status":"","sticky":false,"template":"","format":"standard","meta":{"footnotes":""},"categories":[1588],"tags":[11,1777,674,12,473,1853,1851,1850,1852],"class_list":{"0":"post-532866","1":"post","2":"type-post","3":"status-publish","4":"format-standard","5":"has-post-thumbnail","7":"category-royaume-uni","8":"tag-actualites","9":"tag-eu","10":"tag-europe","11":"tag-news","12":"tag-royaume-uni","13":"tag-royaume-uni-de-grande-bretagne-et-dirlande-du-nord","14":"tag-uk","15":"tag-united-kingdom","16":"tag-united-kingdom-of-great-britain-and-northern-ireland"},"share_on_mastodon":{"url":"https:\/\/pubeurope.com\/@fr\/115546187582433917","error":""},"_links":{"self":[{"href":"https:\/\/www.europesays.com\/fr\/wp-json\/wp\/v2\/posts\/532866","targetHints":{"allow":["GET"]}}],"collection":[{"href":"https:\/\/www.europesays.com\/fr\/wp-json\/wp\/v2\/posts"}],"about":[{"href":"https:\/\/www.europesays.com\/fr\/wp-json\/wp\/v2\/types\/post"}],"author":[{"embeddable":true,"href":"https:\/\/www.europesays.com\/fr\/wp-json\/wp\/v2\/users\/2"}],"replies":[{"embeddable":true,"href":"https:\/\/www.europesays.com\/fr\/wp-json\/wp\/v2\/comments?post=532866"}],"version-history":[{"count":0,"href":"https:\/\/www.europesays.com\/fr\/wp-json\/wp\/v2\/posts\/532866\/revisions"}],"wp:featuredmedia":[{"embeddable":true,"href":"https:\/\/www.europesays.com\/fr\/wp-json\/wp\/v2\/media\/532867"}],"wp:attachment":[{"href":"https:\/\/www.europesays.com\/fr\/wp-json\/wp\/v2\/media?parent=532866"}],"wp:term":[{"taxonomy":"category","embeddable":true,"href":"https:\/\/www.europesays.com\/fr\/wp-json\/wp\/v2\/categories?post=532866"},{"taxonomy":"post_tag","embeddable":true,"href":"https:\/\/www.europesays.com\/fr\/wp-json\/wp\/v2\/tags?post=532866"}],"curies":[{"name":"wp","href":"https:\/\/api.w.org\/{rel}","templated":true}]}}