{"id":532868,"date":"2025-11-14T04:34:12","date_gmt":"2025-11-14T04:34:12","guid":{"rendered":"https:\/\/www.europesays.com\/fr\/532868\/"},"modified":"2025-11-14T04:34:12","modified_gmt":"2025-11-14T04:34:12","slug":"dans-lest-de-lallemagne-des-villes-depeuplees-recrutent-des-habitants-a-lessai","status":"publish","type":"post","link":"https:\/\/www.europesays.com\/fr\/532868\/","title":{"rendered":"Dans l\u2019est de l\u2019Allemagne, des villes d\u00e9peupl\u00e9es recrutent des habitants \u201c\u00e0 l\u2019essai\u201d"},"content":{"rendered":"\n<p>Altenburg [dans l\u2019est de l\u2019Allemagne], va peut-\u00eatre dispara\u00eetre. Pas tout de suite et pas tr\u00e8s vite, mais, quand on regarde les pr\u00e9visions sur l\u2019\u00e9volution de la population, une chose est s\u00fbre\u00a0:<strong> <\/strong>la ville, connue parce qu\u2019on y a invent\u00e9 le jeu de skat, va changer d\u2019\u00e9chelle. Bien entendu, c\u2019est le pire des sc\u00e9narios, et ce n\u2019est pas pour maintenant. Mais la tendance est l\u00e0\u00a0: Altenburg comptait 31\u00a0093\u00a0habitants au 31\u00a0d\u00e9cembre 2024 selon l\u2019Office r\u00e9gional des statistiques de Thuringe, soit aussi peu qu\u2019au XIXe\u00a0si\u00e8cle.<\/p>\n<p>La commune n\u2019est pas la seule \u00e0 conna\u00eetre cette \u00e9volution. \u00c0 Eisenh\u00fcttenstadt, dans le Brandebourg (50\u00a0000\u00a0habitants en 1989, 25\u00a0000 en 2025), G\u00f6rlitz, en Saxe (72\u00a0000\u00a0habitants en 1989, 50\u00a0000 en 2025) ou Guben, \u00e9galement dans le Brandebourg (36\u00a0000\u00a0habitants en 1982, 16\u00a0500 en 2023), on retrouve une d\u00e9gringolade similaire.<strong> <\/strong>Les villes de l\u2019Est [de l\u2019Allemagne] sont confront\u00e9es \u00e0 une baisse de leur population, en particulier depuis la r\u00e9unification.<\/p>\n<p>Eisenh\u00fcttenstadt, G\u00f6rlitz et Guben ne comptent cependant pas subir sans r\u00e9agir. Pour attirer de nouveaux habitants, ces trois villes ont lanc\u00e9 un syst\u00e8me leur permettant de s\u2019installer sur place, mais<strong> <\/strong>\u00e0 l\u2019essai. Le concept est aussi simple que g\u00e9nial\u00a0: Les personnes int\u00e9ress\u00e9es peuvent habiter pendant deux semaines dans un l<\/p>\n","protected":false},"excerpt":{"rendered":"Altenburg [dans l\u2019est de l\u2019Allemagne], va peut-\u00eatre dispara\u00eetre. Pas tout de suite et pas tr\u00e8s vite, mais, quand&hellip;\n","protected":false},"author":2,"featured_media":532869,"comment_status":"","ping_status":"","sticky":false,"template":"","format":"standard","meta":{"footnotes":""},"categories":[1587],"tags":[11,672,1804,1805,1803,13029,1777,674,1801,12,1802,1857],"class_list":{"0":"post-532868","1":"post","2":"type-post","3":"status-publish","4":"format-standard","5":"has-post-thumbnail","7":"category-allemagne","8":"tag-actualites","9":"tag-allemagne","10":"tag-bundesrepublik-deutschland","11":"tag-de","12":"tag-deutschland","13":"tag-du00e9mographie","14":"tag-eu","15":"tag-europe","16":"tag-germany","17":"tag-news","18":"tag-republique-federale-dallemagne","19":"tag-sociu00e9tu00e9"},"share_on_mastodon":{"url":"https:\/\/pubeurope.com\/@fr\/115546191575013619","error":""},"_links":{"self":[{"href":"https:\/\/www.europesays.com\/fr\/wp-json\/wp\/v2\/posts\/532868","targetHints":{"allow":["GET"]}}],"collection":[{"href":"https:\/\/www.europesays.com\/fr\/wp-json\/wp\/v2\/posts"}],"about":[{"href":"https:\/\/www.europesays.com\/fr\/wp-json\/wp\/v2\/types\/post"}],"author":[{"embeddable":true,"href":"https:\/\/www.europesays.com\/fr\/wp-json\/wp\/v2\/users\/2"}],"replies":[{"embeddable":true,"href":"https:\/\/www.europesays.com\/fr\/wp-json\/wp\/v2\/comments?post=532868"}],"version-history":[{"count":0,"href":"https:\/\/www.europesays.com\/fr\/wp-json\/wp\/v2\/posts\/532868\/revisions"}],"wp:featuredmedia":[{"embeddable":true,"href":"https:\/\/www.europesays.com\/fr\/wp-json\/wp\/v2\/media\/532869"}],"wp:attachment":[{"href":"https:\/\/www.europesays.com\/fr\/wp-json\/wp\/v2\/media?parent=532868"}],"wp:term":[{"taxonomy":"category","embeddable":true,"href":"https:\/\/www.europesays.com\/fr\/wp-json\/wp\/v2\/categories?post=532868"},{"taxonomy":"post_tag","embeddable":true,"href":"https:\/\/www.europesays.com\/fr\/wp-json\/wp\/v2\/tags?post=532868"}],"curies":[{"name":"wp","href":"https:\/\/api.w.org\/{rel}","templated":true}]}}