{"id":532870,"date":"2025-11-14T04:35:41","date_gmt":"2025-11-14T04:35:41","guid":{"rendered":"https:\/\/www.europesays.com\/fr\/532870\/"},"modified":"2025-11-14T04:35:41","modified_gmt":"2025-11-14T04:35:41","slug":"finnair-renforce-son-reseau-au-depart-de-paris-et-en-europe","status":"publish","type":"post","link":"https:\/\/www.europesays.com\/fr\/532870\/","title":{"rendered":"Finnair renforce son r\u00e9seau au d\u00e9part de Paris et en Europe"},"content":{"rendered":"<p>Pour l&rsquo;hiver 2026, Finnair proposera deux fr\u00e9quences hebdomadaires entre Paris et Rovaniemi, capitale de la Laponie finlandaise. La compagnie finlandaise proposera aussi deux fr\u00e9quences hebdomadaires au d\u00e9part de Bruxelles et Zurich vers Kittil\u00e4, ville lapone situ\u00e9e au-del\u00e0 du Cercle polaire, haut-lieu d&rsquo;activit\u00e9s sportives hivernales.\u00a0<\/p>\n<p>87 destinations en Europe ce hiver<\/p>\n<p>Apr\u00e8s Alba, Catane, Florence, Kos et Valence, Finnair ouvre encore son r\u00e9seau europ\u00e9en au d\u00e9part et vers son hub d&rsquo;Helsinki. La compagnie va ainsi des vols vers Stavanger (8 fr\u00e9quences par semaine), Ume\u00e5 (9 fr\u00e9quences par semaine via Vaasa), Luxembourg (2 fr\u00e9quences par semaine), Thessalonique (3 fr\u00e9quences par semaine), Tirana (2 vols par semaine), Turin (2 fr\u00e9quences par semaine), et Kuressaare (3 fr\u00e9quences par semaine). Ces ouvertures europ\u00e9ennes permettront aux passagers finlandais de partir pour des destinations du sud de l&rsquo;Europe et dans l&rsquo;autre sens, les passagers europ\u00e9ens pourront aussi b\u00e9n\u00e9ficier des correspondances \u00e0 Helsinki vers des destinations long-courrier de Finnair, notamment vers l&rsquo;Asie. Avec ces ajouts, le r\u00e9seau de Finnair comprendra un total de 87 destinations en Europe cet hiver, 10 en Asie, 7 en Am\u00e9rique du Nord (dont Toronto, lanc\u00e9e cet \u00e9t\u00e9), et deux au Moyen-Orient.\u00a0<\/p>\n","protected":false},"excerpt":{"rendered":"Pour l&rsquo;hiver 2026, Finnair proposera deux fr\u00e9quences hebdomadaires entre Paris et Rovaniemi, capitale de la Laponie finlandaise. La&hellip;\n","protected":false},"author":2,"featured_media":532871,"comment_status":"","ping_status":"","sticky":false,"template":"","format":"standard","meta":{"footnotes":""},"categories":[1586],"tags":[11,10054,296,2965,10051,10055,37,10050,554,386,1777,674,1011,27,10052,12,25,10053],"class_list":{"0":"post-532870","1":"post","2":"type-post","3":"status-publish","4":"format-standard","5":"has-post-thumbnail","7":"category-europe","8":"tag-actualites","9":"tag-actualites-aeronautique","10":"tag-aeronautique","11":"tag-air","12":"tag-aviation-civile","13":"tag-aviation-magazine","14":"tag-avion","15":"tag-cosmos","16":"tag-defense","17":"tag-espace","18":"tag-eu","19":"tag-europe","20":"tag-fr","21":"tag-france","22":"tag-magazine-aeronautique","23":"tag-news","24":"tag-republique-francaise","25":"tag-revue-aviation"},"share_on_mastodon":{"url":"https:\/\/pubeurope.com\/@fr\/115546195553065891","error":""},"_links":{"self":[{"href":"https:\/\/www.europesays.com\/fr\/wp-json\/wp\/v2\/posts\/532870","targetHints":{"allow":["GET"]}}],"collection":[{"href":"https:\/\/www.europesays.com\/fr\/wp-json\/wp\/v2\/posts"}],"about":[{"href":"https:\/\/www.europesays.com\/fr\/wp-json\/wp\/v2\/types\/post"}],"author":[{"embeddable":true,"href":"https:\/\/www.europesays.com\/fr\/wp-json\/wp\/v2\/users\/2"}],"replies":[{"embeddable":true,"href":"https:\/\/www.europesays.com\/fr\/wp-json\/wp\/v2\/comments?post=532870"}],"version-history":[{"count":0,"href":"https:\/\/www.europesays.com\/fr\/wp-json\/wp\/v2\/posts\/532870\/revisions"}],"wp:featuredmedia":[{"embeddable":true,"href":"https:\/\/www.europesays.com\/fr\/wp-json\/wp\/v2\/media\/532871"}],"wp:attachment":[{"href":"https:\/\/www.europesays.com\/fr\/wp-json\/wp\/v2\/media?parent=532870"}],"wp:term":[{"taxonomy":"category","embeddable":true,"href":"https:\/\/www.europesays.com\/fr\/wp-json\/wp\/v2\/categories?post=532870"},{"taxonomy":"post_tag","embeddable":true,"href":"https:\/\/www.europesays.com\/fr\/wp-json\/wp\/v2\/tags?post=532870"}],"curies":[{"name":"wp","href":"https:\/\/api.w.org\/{rel}","templated":true}]}}