{"id":532882,"date":"2025-11-14T04:42:14","date_gmt":"2025-11-14T04:42:14","guid":{"rendered":"https:\/\/www.europesays.com\/fr\/532882\/"},"modified":"2025-11-14T04:42:14","modified_gmt":"2025-11-14T04:42:14","slug":"pierre-mignoni-reagit-a-la-prolongation-de-contrat-de-baptiste-serin","status":"publish","type":"post","link":"https:\/\/www.europesays.com\/fr\/532882\/","title":{"rendered":"Pierre Mignoni r\u00e9agit \u00e0 la prolongation de contrat de Baptiste Serin"},"content":{"rendered":"<p>Ce jeudi, le Rugby Club Toulonnais a officialis\u00e9 la prolongation de contrat de Baptiste Serin.<\/p>\n<p>En fin de contrat avec le RCT au mois de juin prochain, le joueur Varois a d\u00e9cid\u00e9 de prolonger son aventure avec le XV de la Rade de deux saisons suppl\u00e9mentaires.<\/p>\n<p>Le voil\u00e0 d\u00e9sormais li\u00e9 avec Toulon jusqu\u2019au mois de juin 2028.<\/p>\n<p>Sur le site officiel du RCT, le manager Varois Pierre Mignoni a exprim\u00e9 sa satisfaction.<\/p>\n<p><strong>A lire ci-dessous :\u00a0<\/strong><\/p>\n<p>\u00ab\u00a0\u00c9l\u00e9ment important de notre effectif, Baptiste est un joueur p\u00e9tri de talent. Sa prolongation est une excellente nouvelle pour le club et pour tous nos supporters. Il conna\u00eet parfaitement le projet, le vestiaire et les exigences du RCT. Sa fid\u00e9lit\u00e9 et son engagement sont \u00e0 l\u2019image des valeurs que nous d\u00e9fendons.\u00a0\u00bb<\/p>\n","protected":false},"excerpt":{"rendered":"Ce jeudi, le Rugby Club Toulonnais a officialis\u00e9 la prolongation de contrat de Baptiste Serin. En fin de&hellip;\n","protected":false},"author":2,"featured_media":284079,"comment_status":"","ping_status":"","sticky":false,"template":"","format":"standard","meta":{"footnotes":""},"categories":[1416],"tags":[1011,27,479,1468,60],"class_list":{"0":"post-532882","1":"post","2":"type-post","3":"status-publish","4":"format-standard","5":"has-post-thumbnail","7":"category-rugby","8":"tag-fr","9":"tag-france","10":"tag-rugby","11":"tag-rugby-football","12":"tag-sports"},"share_on_mastodon":{"url":"https:\/\/pubeurope.com\/@fr\/115546223102061071","error":""},"_links":{"self":[{"href":"https:\/\/www.europesays.com\/fr\/wp-json\/wp\/v2\/posts\/532882","targetHints":{"allow":["GET"]}}],"collection":[{"href":"https:\/\/www.europesays.com\/fr\/wp-json\/wp\/v2\/posts"}],"about":[{"href":"https:\/\/www.europesays.com\/fr\/wp-json\/wp\/v2\/types\/post"}],"author":[{"embeddable":true,"href":"https:\/\/www.europesays.com\/fr\/wp-json\/wp\/v2\/users\/2"}],"replies":[{"embeddable":true,"href":"https:\/\/www.europesays.com\/fr\/wp-json\/wp\/v2\/comments?post=532882"}],"version-history":[{"count":0,"href":"https:\/\/www.europesays.com\/fr\/wp-json\/wp\/v2\/posts\/532882\/revisions"}],"wp:featuredmedia":[{"embeddable":true,"href":"https:\/\/www.europesays.com\/fr\/wp-json\/wp\/v2\/media\/284079"}],"wp:attachment":[{"href":"https:\/\/www.europesays.com\/fr\/wp-json\/wp\/v2\/media?parent=532882"}],"wp:term":[{"taxonomy":"category","embeddable":true,"href":"https:\/\/www.europesays.com\/fr\/wp-json\/wp\/v2\/categories?post=532882"},{"taxonomy":"post_tag","embeddable":true,"href":"https:\/\/www.europesays.com\/fr\/wp-json\/wp\/v2\/tags?post=532882"}],"curies":[{"name":"wp","href":"https:\/\/api.w.org\/{rel}","templated":true}]}}