{"id":532896,"date":"2025-11-14T04:55:30","date_gmt":"2025-11-14T04:55:30","guid":{"rendered":"https:\/\/www.europesays.com\/fr\/532896\/"},"modified":"2025-11-14T04:55:30","modified_gmt":"2025-11-14T04:55:30","slug":"5-films-cultes-a-revoir-en-cine-debats-a-lyon-a-loccasion-du-festival-projection-transition","status":"publish","type":"post","link":"https:\/\/www.europesays.com\/fr\/532896\/","title":{"rendered":"5 films cultes \u00e0 revoir en cin\u00e9-d\u00e9bats \u00e0 Lyon \u00e0 l&rsquo;occasion du festival Projection Transition"},"content":{"rendered":"<p>\t\t\t\t\t\t\t\t<img data-recalc-dims=\"1\" fetchpriority=\"high\" decoding=\"async\" class=\"alignnone size-medium wp-image-137998\" src=\"https:\/\/www.europesays.com\/fr\/wp-content\/uploads\/2025\/11\/the_truman_show.phot3_.jpg\" alt=\"\" width=\"800\" height=\"550\"  \/><\/p>\n<p>Quand on parle de \u00ab cin\u00e9-d\u00e9bat \u00bb, on imagine parfois un documentaire un peu donneur de le\u00e7ons, une salle studieuse et un intervenant s\u00e9rieux derri\u00e8re un pupitre\u2026 Eh bien, non : le festival Projection Transition change la donne. Organis\u00e9 par The Shifters (le r\u00e9seau associatif \u00e9manant du think-tank The Shift Project), il pose ses valises \u00e0 Lyon du <strong data-start=\"568\" data-end=\"594\">20 au 23 novembre 2025<\/strong> pour une \u00e9dition qui m\u00eale cin\u00e9, d\u00e9bat, curiosit\u00e9 et engagement.<\/p>\n<p data-start=\"216\" data-end=\"1325\">L\u2019id\u00e9e ? Utiliser le cin\u00e9ma comme un outil pour interroger nos mani\u00e8res d\u2019habiter la plan\u00e8te sans pour autant se transformer en tribunal moralisateur. Comme l\u2019affirme le site : \u00ab\u00a0le cin\u00e9ma, fid\u00e8le compagnon de nos questionnements, se fait ici \u00e9claireur : non pas pour imposer une direction, mais pour offrir des rep\u00e8res sensibles et inspirants face \u00e0 la complexit\u00e9 du r\u00e9el\u00a0\u00bb.<\/p>\n<p data-start=\"216\" data-end=\"1325\">Le festival se d\u00e9roule dans plusieurs villes. Et \u00e0 Lyon, c\u2019est au Path\u00e9 Bellecour que \u00e7a se passe du 20 au 23 novembre.<\/p>\n<p>Des films cultes qui font se poser des questions<\/p>\n<p><img loading=\"lazy\" data-recalc-dims=\"1\" decoding=\"async\" class=\"alignnone size-medium wp-image-138000\" src=\"https:\/\/www.europesays.com\/fr\/wp-content\/uploads\/2025\/11\/le-grand-bain-affiche-1032202.png.png\" alt=\"\" width=\"800\" height=\"450\"  \/><\/p>\n<p data-start=\"1364\" data-end=\"2386\">Le principe est simple, mais puissant : choisir des films cultes ou forts de sens, les projeter dans une salle, puis ouvrir un d\u00e9bat imm\u00e9diatement apr\u00e8s.<br data-start=\"1647\" data-end=\"1650\"\/>Chaque s\u00e9ance est un pr\u00e9texte pour parler : de technologies, d\u2019\u00e9cologie, de soci\u00e9t\u00e9, d\u2019engagement. Le festival se d\u00e9roule simultan\u00e9ment dans plusieurs villes (Paris, Angers, Bruxelles) mais chaque ville a sa programmation locale sp\u00e9cifique.<br data-start=\"1928\" data-end=\"1931\"\/>Et parce que \u00a0\u00ab\u00a0transition\u00a0\u00bb ne veut pas dire \u00ab\u00a0ennui\u00a0\u00bb, les films choisis offrent une grande vari\u00e9t\u00e9 de styles : on y trouve de la science-fiction, de la com\u00e9die, du drame\u2026 L\u2019objectif : toucher un public large (jeunes, familles, cin\u00e9philes, curieux) et inciter \u00e0 la r\u00e9flexion sans endormir !<\/p>\n<p data-start=\"1364\" data-end=\"2386\">Bref, c\u2019est un festival qui mise autant sur le plaisir d\u2019un bon film que sur la curiosit\u00e9 et le d\u00e9bat.<\/p>\n<p data-start=\"1364\" data-end=\"2386\"><strong>En plus, c\u2019est moins cher qu\u2019une vraie s\u00e9ance de cin\u00e9, puisque les places sont \u00e0 8\u20ac ! Vous pouvez m\u00eame prendre <a href=\"https:\/\/www.billetweb.fr\/projection-transition-pass-festival\" target=\"_blank\" rel=\"noopener nofollow\">un pass \u00e0 30\u20ac pour voir toutes les s\u00e9ances<\/a>.<\/strong><\/p>\n<p>Zoom sur la programmation<\/p>\n<p><img loading=\"lazy\" data-recalc-dims=\"1\" decoding=\"async\" class=\"alignnone size-medium wp-image-137999\" src=\"https:\/\/www.europesays.com\/fr\/wp-content\/uploads\/2025\/11\/her-film-spike-jonze-avec-Joaquin-Phoenix-critique-cinema-1155x675-1.jpg\" alt=\"\" width=\"800\" height=\"468\"  \/><\/p>\n<p data-start=\"2453\" data-end=\"2582\">Voici les cinq films que vous pourrez voir \u00e0 Lyon, avec les d\u00e9bats qui suivent, parfait pour programmer une sortie qui a du sens.<\/p>\n<ul data-start=\"2584\" data-end=\"5063\">\n<li data-start=\"2584\" data-end=\"3097\">\n<p data-start=\"2586\" data-end=\"3097\"><strong data-start=\"2586\" data-end=\"2605\">The Truman Show<\/strong> (Jeudi 20 novembre 2025, 19h45)<br data-start=\"2632\" data-end=\"2635\"\/>Le film de Peter Weir (1998) met en sc\u00e8ne un homme qui d\u00e9couvre que sa vie enti\u00e8re est\u2026 un show t\u00e9l\u00e9vis\u00e9.<br data-start=\"2742\" data-end=\"2745\"\/><strong data-start=\"2747\" data-end=\"2756\">D\u00e9bat<\/strong> : Illusion heureuse ou v\u00e9rit\u00e9 incertaine ?<\/p>\n<\/li>\n<li data-start=\"3099\" data-end=\"3508\">\n<p data-start=\"3101\" data-end=\"3508\"><strong data-start=\"3101\" data-end=\"3124\">Les Fils de l\u2019Homme<\/strong> (Vendredi 21 novembre, 19h45)<br data-start=\"3154\" data-end=\"3157\"\/>Le film d\u2019Alfonso Cuar\u00f3n (2006) imagine un futur o\u00f9 l\u2019humanit\u00e9 ne peut plus se reproduire.<br data-start=\"3250\" data-end=\"3253\"\/><strong data-start=\"3255\" data-end=\"3264\">D\u00e9bat<\/strong> : Comment garder espoir dans un monde en plein chaos ?<\/p>\n<\/li>\n<li data-start=\"3510\" data-end=\"3898\">\n<p data-start=\"3512\" data-end=\"3898\"><strong data-start=\"3512\" data-end=\"3528\">Mars Express<\/strong> (Samedi 22 novembre, 13h45)<br data-start=\"3556\" data-end=\"3559\"\/>Un film de J\u00e9r\u00e9mie P\u00e9rin (2023) m\u00ealant enqu\u00eate cyber-science-fiction sur Mars\u2026 et questionnements terriens.<br data-start=\"3668\" data-end=\"3671\"\/><strong data-start=\"3673\" data-end=\"3682\">D\u00e9bat<\/strong> : Vers l\u2019infini et au-del\u00e0 : la science-fiction), boussole du r\u00e9el ou fuite en avant ?<\/p>\n<\/li>\n<li data-start=\"3900\" data-end=\"4355\">\n<p data-start=\"3902\" data-end=\"4355\"><strong data-start=\"3902\" data-end=\"3909\">Her<\/strong> (Samedi 22 novembre, 18h00)<br data-start=\"3937\" data-end=\"3940\"\/>Le film de Spike Jonze (2014) explore l\u2019amour \u00e0 l\u2019\u00e8re de l\u2019intelligence artificielle.<br data-start=\"4027\" data-end=\"4030\"\/><strong data-start=\"4032\" data-end=\"4041\">D\u00e9bat<\/strong> : L\u2019humanit\u00e9 au service de l\u2019IA ou l\u2019IA au service de l\u2019humanit\u00e9 ?<\/p>\n<\/li>\n<li data-start=\"4357\" data-end=\"4849\">\n<p data-start=\"4359\" data-end=\"4849\"><strong data-start=\"4359\" data-end=\"4376\">Le Grand Bain<\/strong> (Dimanche 23 novembre, 14h00)<br data-start=\"4406\" data-end=\"4409\"\/>Le film de Gilles Lellouche (2018) suit un groupe d\u2019hommes qui renouent avec la vie \u00e0 travers la natation synchronis\u00e9e.<br data-start=\"4530\" data-end=\"4533\"\/><strong data-start=\"4535\" data-end=\"4544\">D\u00e9bat<\/strong> : Rendre le sport durable ? Un enjeu vital autant qu\u2019environnemental.<\/p>\n<\/li>\n<\/ul>\n<p data-start=\"4359\" data-end=\"4849\"><strong>Voil\u00e0, vous avez toutes les cartes en main pour programmer votre passage \u00e0 Projection Transition \u00e0 Lyon.<\/strong> Sortez, regardez, \u00e9changez et pourquoi pas, repartez avec quelques id\u00e9es neuves sous le bras. Vous n\u2019avez plus qu\u2019\u00e0 prendre vos places. Bon film !<\/p>\n<p>Festival Projection Transition<\/p>\n<p data-start=\"4359\" data-end=\"4849\">\ud83d\udcc5 Du 20 au 23 novembre 2025<br \/>\ud83c\udfe0 Path\u00e9 Bellecour, 79 rue de la R\u00e9publique<br \/>\ud83d\udc49 <a href=\"https:\/\/projectiontransition.fr\/lyon\/#prog-lyon\" target=\"_blank\" rel=\"noopener nofollow\">Plus d\u2019infos<\/a><\/p>\n<p>\t\t\t\t\t\t\tNe rate plus aucun de nos bons plans sorties \u00e0 Lyon  Abonne-toi \u00e0 notre newsletter et re\u00e7ois, tous les vendredis midi, dans ta boite mail nos bons plans du week-end et nos derniers coups de coeur en mati\u00e8re de bars, caf\u00e9s et restos. <br \/>\ud83d\udc49\ud83c\udffb <b><a href=\"https:\/\/dashboard.mailerlite.com\/forms\/354999\/83421925757421043\/share\" rel=\"nofollow noopener\" target=\"_blank\">Inscris-toi, c&rsquo;est GRATUIT !<\/a><\/b><\/p>\n<p> Prochains \u00e9v\u00e9nements \u00e0 ne pas rater \u00e0 Lyon<\/p>\n","protected":false},"excerpt":{"rendered":"Quand on parle de \u00ab cin\u00e9-d\u00e9bat \u00bb, on imagine parfois un documentaire un peu donneur de le\u00e7ons, une&hellip;\n","protected":false},"author":2,"featured_media":532897,"comment_status":"","ping_status":"","sticky":false,"template":"","format":"standard","meta":{"footnotes":""},"categories":[1354],"tags":[58,59,1346,1011,27,1360],"class_list":{"0":"post-532896","1":"post","2":"type-post","3":"status-publish","4":"format-standard","5":"has-post-thumbnail","7":"category-films","8":"tag-divertissement","9":"tag-entertainment","10":"tag-films","11":"tag-fr","12":"tag-france","13":"tag-movies"},"share_on_mastodon":{"url":"https:\/\/pubeurope.com\/@fr\/115546274842176960","error":""},"_links":{"self":[{"href":"https:\/\/www.europesays.com\/fr\/wp-json\/wp\/v2\/posts\/532896","targetHints":{"allow":["GET"]}}],"collection":[{"href":"https:\/\/www.europesays.com\/fr\/wp-json\/wp\/v2\/posts"}],"about":[{"href":"https:\/\/www.europesays.com\/fr\/wp-json\/wp\/v2\/types\/post"}],"author":[{"embeddable":true,"href":"https:\/\/www.europesays.com\/fr\/wp-json\/wp\/v2\/users\/2"}],"replies":[{"embeddable":true,"href":"https:\/\/www.europesays.com\/fr\/wp-json\/wp\/v2\/comments?post=532896"}],"version-history":[{"count":0,"href":"https:\/\/www.europesays.com\/fr\/wp-json\/wp\/v2\/posts\/532896\/revisions"}],"wp:featuredmedia":[{"embeddable":true,"href":"https:\/\/www.europesays.com\/fr\/wp-json\/wp\/v2\/media\/532897"}],"wp:attachment":[{"href":"https:\/\/www.europesays.com\/fr\/wp-json\/wp\/v2\/media?parent=532896"}],"wp:term":[{"taxonomy":"category","embeddable":true,"href":"https:\/\/www.europesays.com\/fr\/wp-json\/wp\/v2\/categories?post=532896"},{"taxonomy":"post_tag","embeddable":true,"href":"https:\/\/www.europesays.com\/fr\/wp-json\/wp\/v2\/tags?post=532896"}],"curies":[{"name":"wp","href":"https:\/\/api.w.org\/{rel}","templated":true}]}}