{"id":532900,"date":"2025-11-14T04:57:11","date_gmt":"2025-11-14T04:57:11","guid":{"rendered":"https:\/\/www.europesays.com\/fr\/532900\/"},"modified":"2025-11-14T04:57:11","modified_gmt":"2025-11-14T04:57:11","slug":"il-faut-en-remettre-400-pour-quon-me-remarque-un-peu","status":"publish","type":"post","link":"https:\/\/www.europesays.com\/fr\/532900\/","title":{"rendered":"\u00abIl faut en remettre 400 pour qu\u2019on me remarque un peu\u00bb"},"content":{"rendered":"<p>\n    Le capitaine des Bleus a fait le point jeudi, apr\u00e8s son doubl\u00e9 et la victoire face \u00e0 l\u2019Ukraine synonyme de qualification de l\u2019\u00e9quipe de France pour la Coupe du monde.<\/p>\n<p class=\"fig-paragraph\"><strong>Mission accomplie<\/strong>\u00a0: \u00abOn est contents, on a fait le boulot. On avait dit que c\u2019\u00e9tait une finale pour nous, qu\u2019on voulait boucler \u00e7a d\u00e8s ce soir. C\u2019est ce qu\u2019on a r\u00e9ussi \u00e0 faire. C\u2019\u00e9tait une premi\u00e8re mi-temps un peu compliqu\u00e9e, mais en deuxi\u00e8me mi-temps, on a eu le penalty qui nous a ouvert la voie, donc ils ont d\u00fb sortir un petit peu et on a encha\u00een\u00e9 avec pas mal de buts. Je pense que c\u2019\u00e9tait une tr\u00e8s belle soir\u00e9e, on est extr\u00eamement contents, mais on doit continuer \u00e0 rester le plus sobres possible, parce qu\u2019on sait que ce n\u2019est pas la plus grande nouvelle de la journ\u00e9e. Donc on essaie d\u2019avoir un maximum de compassion pour l\u2019ensemble des Fran\u00e7ais, mais bien s\u00fbr qu\u2019on est tr\u00e8s contents\u00bb.<\/p>\n<p class=\"fig-paragraph\"><strong>Le discours \u00e0 la mi-temps<\/strong>\u00a0: \u00abQu\u2019il fallait mettre plus de rythme. Leur objectif, c\u2019\u00e9tait un peu d\u2019endormir le match, sans leur manquer de respect. On s\u2019est dit qu\u2019on s\u2019\u00e9tait un peu pris dans le pi\u00e8ge en premi\u00e8re mi-temps, ce qui fait qu\u2019on a commenc\u00e9 \u00e0 jouer un peu en dilettante, on a perdu des ballons un peu de mani\u00e8re nonchalante. C\u2019\u00e9tait de toujours garder le rythme, essayer de faire circuler un maximum le ballon pour faire bouger le bloc, avoir des espaces pour pouvoir frapper et finir dans les actions. Je pense que c\u2019est ce qu\u2019on a fait en deuxi\u00e8me mi-temps. Et mettre quatre buts en une mi-temps, je pense que c\u2019est quand m\u00eame une performance\u00bb.<\/p>\n<blockquote class=\"fig-quote&#10;    \">\n<p class=\"fig-quote__text\">J\u2019\u00e9tais \u00e0 l\u2019image de l\u2019\u00e9quipe. Premi\u00e8re mi-temps un peu plus laborieuse, une deuxi\u00e8me mi-temps meilleure, et on repart avec la qualification.<\/p>\n<p>            Kylian Mbapp\u00e9\n    <\/p><\/blockquote>\n<p>                                    <a class=\"fig-a11y-skip a11y-hidden\" href=\"#fig-a11y-skip-main-inarticle\"><br \/>\n        Passer la publicit\u00e9<br \/>\n    <\/a><\/p>\n<p class=\"fig-paragraph\"><strong>Son match <\/strong>: \u00abBien\u00a0! Ce n\u2019est pas le plus grand match de ma carri\u00e8re, mais c\u2019est un bon match, je suis content. J\u2019arrive \u00e0 \u00eatre d\u00e9cisif, j\u2019arrive \u00e0 \u00eatre connect\u00e9 avec mes co\u00e9quipiers. Je pense que j\u2019\u00e9tais \u00e0 l\u2019image de l\u2019\u00e9quipe. Premi\u00e8re mi-temps un peu plus laborieuse, une deuxi\u00e8me mi-temps meilleure, et on repart avec la qualification\u00bb.<\/p>\n<p class=\"fig-paragraph\"><strong>Le record d\u2019Olivier Giroud battu dimanche \u00e0 Bakou<\/strong>\u00a0: \u00abJe ne sais pas (sourire)\u00bb.<\/p>\n<p class=\"fig-body-link\">\n            \u00c0 lire aussi<br \/>\n        <a class=\"fig-body-link__link fig-premium-mark\" href=\"http:\/\/www.lefigaro.fr\/sports\/football\/coupe-du-monde\/les-notes-des-bleus-contre-l-ukraine-mbappe-et-olise-aux-deux-visages-eternel-kante-cherki-discret-20251113\" data-fig-type=\"NewsFlash\" data-gtm-custom-categorie=\"navigation\" data-gtm-custom-action=\"crossclick\" data-gtm-custom-label=\"Contextuel\" data-gtm-event=\"customEventSPE\" data-fig-domain=\"LEFIGARO\" target=\"_blank\" rel=\"noopener\"><\/p>\n<p>        Les notes des Bleus contre l\u2019Ukraine\u00a0: Mbapp\u00e9 et Olise aux deux visages, \u00e9ternel Kant\u00e9, Cherki discret<br \/>\n    <\/a>\n<\/p>\n<p class=\"fig-paragraph\"><strong>400 buts en carri\u00e8re<\/strong>\u00a0: \u00abSi vous me l\u2019aviez dit 20 ans plus t\u00f4t, j\u2019aurais dit que c\u2019est fantastique. Maintenant que vous le dites, qu\u2019il y a un joueur qui a 950 et un autre 900, il faut en remettre 400, au moins qu\u2019on me remarque un peu (sourire). C\u2019est super, c\u2019est un chiffre symbolique, c\u2019est s\u00fbr que c\u2019est sp\u00e9cial, mais il faut continuer \u00e0 travailler et marquer un maximum de buts\u00bb.<\/p>\n<p class=\"fig-paragraph\"><strong>Les deux visages des Bleus<\/strong>\u00a0: \u00abJ\u2019ai dit qu\u2019on a \u00e9t\u00e9 pris au pi\u00e8ge. On le savait avant, donc on n\u2019a pas d\u2019excuse. On a \u00e9t\u00e9 pris au pi\u00e8ge, donc je pense que l\u2019ensemble des personnes dans le stade ont ronronn\u00e9 un peu parce que ce n\u2019\u00e9tait pas la plus grande mi-temps du si\u00e8cle. On n\u2019\u00e9tait pas dans le rythme, on a eu quelques s\u00e9quences, mais c\u2019\u00e9tait trop l\u00e9ger pour une \u00e9quipe comme la n\u00f4tre. On a su r\u00e9agir en deuxi\u00e8me mi-temps et mettre le pied sur le ballon, mettre du rythme, avoir des d\u00e9calages du mouvement et des buts\u00bb.<\/p>\n<p class=\"fig-paragraph\"><strong>N\u2019Golo Kant\u00e9 au Mondial<\/strong>\u00a0: \u00abJe ne suis pas coach, mais N\u2019Golo, c\u2019est un joueur sp\u00e9cial. Je pense que, dans l\u2019histoire de l\u2019\u00e9quipe de France, c\u2019est un joueur important. On est tr\u00e8s contents de l\u2019avoir avec nous. On va voir s\u2019il sera s\u00e9lectionn\u00e9.\u00bb<\/p>\n<p>                                    <a class=\"fig-a11y-skip a11y-hidden\" href=\"#fig-a11y-skip-main-inarticle_mtf\"><br \/>\n        Passer la publicit\u00e9<br \/>\n    <\/a><\/p>\n<p class=\"fig-paragraph\"><strong>La communion avec les supporters<\/strong>\u00a0: \u00abOn peut voir que les gens \u00e9taient contents. Ce qui est cool, c\u2019est que les gens dans le stade ne banalisent pas la qualification pour la Coupe du monde, m\u00eame si je sais que ces derni\u00e8res ann\u00e9es, en France, c\u2019est la norme. On est conscients de \u00e7a, que c\u2019est normal pour une \u00e9quipe d\u2019aller \u00e0 la Coupe du monde. Mais il ne faut pas banaliser parce que dans l\u2019histoire de l\u2019\u00e9quipe de France, \u00e7a n\u2019a pas toujours \u00e9t\u00e9 le cas. C\u2019est toujours un plaisir et on va aller l\u00e0-bas pour repr\u00e9senter les Fran\u00e7ais du mieux possible\u00bb.<\/p>\n<p class=\"fig-paragraph\"><strong>L\u2019objectif au Mondial 2026<\/strong>\u00a0: \u00abDemi-finale\u00a0? Je ne sais pas si je suis la bonne personne pour r\u00e9pondre \u00e0 ces questions. Je ne comprends pas ce truc de dire qu\u2019on vise la demi-finale. Si l\u2019objectif est la demi-finale, on va en demi-finale, on s\u2019arr\u00eate, on rentre\u00a0? Non, l\u2019objectif, c\u2019est gagner. C\u2019est un r\u00eave de tout le monde. Je pense que les 48 \u00e9quipes y vont pour gagner. Apr\u00e8s, bien s\u00fbr, il y a des gens qui vont la jouer un peu fine bouche pour dire demi-finale, mais nous, c\u2019est gagner. Si on va en demies, on ne va pas dire que l\u2019objectif est rempli. Le r\u00eave, c\u2019est de gagner. On sait que \u00e7a va \u00eatre tr\u00e8s difficile. On se pr\u00e9pare pour \u00e7a\u00bb.<\/p>\n<blockquote class=\"fig-quote&#10;    \">\n<p class=\"fig-quote__text\">L\u2019\u00e9v\u00e9nement de la journ\u00e9e, ce n\u2019\u00e9tait pas nous. C\u2019est toutes ces personnes qui ont perdu des proches, qui ont perdu un p\u00e8re, une m\u00e8re, un enfant, un fr\u00e8re, une s\u0153ur\u2026<\/p>\n<p>            Kylian Mbapp\u00e9\n    <\/p><\/blockquote>\n<p class=\"fig-paragraph\"><strong>Les 10 ans du 13 novembre 2015<\/strong>\u00a0: \u00abBeaucoup d\u2019\u00e9motions, une communion. Je pense que j\u2019ai fait pas mal de s\u00e9lections. Malheureusement, il y a eu beaucoup de minutes de silence. Je pense que c\u2019est l\u2019une des minutes de silence o\u00f9 la majeure partie des personnes, presque tous, a respect\u00e9 la minute de silence pour montrer \u00e0 quel point \u00e7a compte pour les Fran\u00e7ais et les Fran\u00e7aises. Il y a eu cette unit\u00e9 tout au long de la journ\u00e9e. On a vu toutes les festivit\u00e9s qu\u2019il y a eues, la communion. On n\u2019est pas d\u00e9tach\u00e9s de \u00e7a. On voulait montrer que c\u2019est la chose qui primait aujourd\u2019hui, m\u00eame si on l\u2019a dit, et je l\u2019ai dit hier (mercredi) au nom de l\u2019\u00e9quipe de France, qu\u2019on allait essayer de mettre des sourires sur le visage des gens pendant 90 minutes. Mais l\u2019\u00e9v\u00e9nement de la journ\u00e9e, ce n\u2019\u00e9tait pas nous. C\u2019est toutes ces personnes qui ont perdu des proches, qui ont perdu un p\u00e8re, une m\u00e8re, un enfant, un fr\u00e8re, une s\u0153ur\u2026 Et ce sont ces personnes-l\u00e0 \u00e0 qui on pense, toujours avec beaucoup d\u2019\u00e9motion et de solidarit\u00e9 parce qu\u2019on a touch\u00e9 \u00e0 notre pays et on est tous solidaires quand on s\u2019attaque \u00e0 la France\u00bb.<\/p>\n<p class=\"fig-paragraph\"><strong>Les relations entre le vestiaire du Real et Xabi Alonso<\/strong>\u00a0: \u00abJe n\u2019ai rien \u00e0 dire. Vous savez qu\u2019au Real Madrid, quand on gagne un match, les gens parlent beaucoup. C\u2019est comme \u00e7a. On n\u2019a pas gagn\u00e9 deux matchs, on le sait. On a jou\u00e9 tr\u00e8s mal. Mais on va revenir apr\u00e8s la pause internationale pour gagner. Au final, nous sommes les premiers de la Liga. Nous sommes dans le Top 8 en Ligue des champions. Ce n\u2019est pas parfait, c\u2019est s\u00fbr. Nous sommes unis et nous sommes tous ensemble pour gagner tous les titres\u00bb.<\/p>\n<p class=\"fig-paragraph\">Propos recueillis en zone mixte<\/p>\n<p>    <a href=\"https:\/\/photo.lefigaro.fr\/sports\/football\/coupe-du-monde\/les-images-fortes-de-france-ukraine-20251113\" target=\"_blank\" rel=\"noopener\"><\/p>\n<p class=\"fig-slideshow__title\">\n                    Hommages, Mbapp\u00e9 \u00e0 400 buts et qualification pour la Coupe du monde2026, revivez France-Ukraine en images\n                <\/p>\n<p>Acc\u00e9der au diaporama (23)<\/p>\n<p>    <\/a><\/p>\n","protected":false},"excerpt":{"rendered":"Le capitaine des Bleus a fait le point jeudi, apr\u00e8s son doubl\u00e9 et la victoire face \u00e0 l\u2019Ukraine&hellip;\n","protected":false},"author":2,"featured_media":532901,"comment_status":"","ping_status":"","sticky":false,"template":"","format":"standard","meta":{"footnotes":""},"categories":[9],"tags":[18833,6713,1011,27,6477,60],"class_list":{"0":"post-532900","1":"post","2":"type-post","3":"status-publish","4":"format-standard","5":"has-post-thumbnail","7":"category-sports","8":"tag-coupe-du-monde-2026","9":"tag-equipe-de-france-de-football","10":"tag-fr","11":"tag-france","12":"tag-kylian-mbappe","13":"tag-sports"},"share_on_mastodon":{"url":"https:\/\/pubeurope.com\/@fr\/115546282286406538","error":""},"_links":{"self":[{"href":"https:\/\/www.europesays.com\/fr\/wp-json\/wp\/v2\/posts\/532900","targetHints":{"allow":["GET"]}}],"collection":[{"href":"https:\/\/www.europesays.com\/fr\/wp-json\/wp\/v2\/posts"}],"about":[{"href":"https:\/\/www.europesays.com\/fr\/wp-json\/wp\/v2\/types\/post"}],"author":[{"embeddable":true,"href":"https:\/\/www.europesays.com\/fr\/wp-json\/wp\/v2\/users\/2"}],"replies":[{"embeddable":true,"href":"https:\/\/www.europesays.com\/fr\/wp-json\/wp\/v2\/comments?post=532900"}],"version-history":[{"count":0,"href":"https:\/\/www.europesays.com\/fr\/wp-json\/wp\/v2\/posts\/532900\/revisions"}],"wp:featuredmedia":[{"embeddable":true,"href":"https:\/\/www.europesays.com\/fr\/wp-json\/wp\/v2\/media\/532901"}],"wp:attachment":[{"href":"https:\/\/www.europesays.com\/fr\/wp-json\/wp\/v2\/media?parent=532900"}],"wp:term":[{"taxonomy":"category","embeddable":true,"href":"https:\/\/www.europesays.com\/fr\/wp-json\/wp\/v2\/categories?post=532900"},{"taxonomy":"post_tag","embeddable":true,"href":"https:\/\/www.europesays.com\/fr\/wp-json\/wp\/v2\/tags?post=532900"}],"curies":[{"name":"wp","href":"https:\/\/api.w.org\/{rel}","templated":true}]}}