{"id":532914,"date":"2025-11-14T05:04:12","date_gmt":"2025-11-14T05:04:12","guid":{"rendered":"https:\/\/www.europesays.com\/fr\/532914\/"},"modified":"2025-11-14T05:04:12","modified_gmt":"2025-11-14T05:04:12","slug":"lincroyable-supercherie-dun-sculpteur-stephanois","status":"publish","type":"post","link":"https:\/\/www.europesays.com\/fr\/532914\/","title":{"rendered":"l&rsquo;incroyable supercherie d&rsquo;un sculpteur st\u00e9phanois"},"content":{"rendered":"<p>Tout est parti d\u2019un d\u00e9fi lanc\u00e9 par un de ses professeurs des Beaux-Arts de Saint-\u00c9tienne, o\u00f9 il suit des cours du soir en parall\u00e8le de son emploi d\u2019ouvrier dans la m\u00e9tallurgie.<\/p>\n<p>\u00c0 la fin des ann\u00e9es 1920, au cours d\u2019une le\u00e7on sur la c\u00e9l\u00e8bre V\u00e9nus de Milo, Fran\u00e7ois-Victor Batigne affirme \u00e0 ses \u00e9l\u00e8ves\u00a0: \u00ab\u00a0De nos jours, il n\u2019y a aucun sculpteur capable de faire une \u0153uvre d\u2019une telle beaut\u00e9. \u00bb \u00ab\u00a0Moi, j\u2019en serai bient\u00f4t capable\u00a0\u00bb, lui r\u00e9pond Francesco Cr\u00e9mon\u00e8se, \u00e2g\u00e9 d\u2019une vingtaine d\u2019ann\u00e9es \u00e0 l\u2019\u00e9poque, devant ses camarades hilares.<\/p>\n<p>Ce sera le point de d\u00e9part d\u2019une histoire \u00e0 peine croyable.<\/p>\n<p>Deux ans et demi de travail jour et nuit<\/p>\n<p>Quelques ann\u00e9es plus tard, en 1934, il commande un&#8230;<\/p>\n","protected":false},"excerpt":{"rendered":"Tout est parti d\u2019un d\u00e9fi lanc\u00e9 par un de ses professeurs des Beaux-Arts de Saint-\u00c9tienne, o\u00f9 il suit&hellip;\n","protected":false},"author":2,"featured_media":532915,"comment_status":"","ping_status":"","sticky":false,"template":"","format":"standard","meta":{"footnotes":""},"categories":[9653],"tags":[1111,11,2430,7539,1777,674,1011,27,937,3367,12,25,4001,7538,104],"class_list":{"0":"post-532914","1":"post","2":"type-post","3":"status-publish","4":"format-standard","5":"has-post-thumbnail","7":"category-saint-etienne","8":"tag-actu","9":"tag-actualites","10":"tag-auvergne-rhone-alpes","11":"tag-edition-loire-sud","12":"tag-eu","13":"tag-europe","14":"tag-fr","15":"tag-france","16":"tag-histoire","17":"tag-loire","18":"tag-news","19":"tag-republique-francaise","20":"tag-saint-etienne","21":"tag-saint-etienne-ville","22":"tag-societe"},"share_on_mastodon":{"url":"https:\/\/pubeurope.com\/@fr\/115546309592547464","error":""},"_links":{"self":[{"href":"https:\/\/www.europesays.com\/fr\/wp-json\/wp\/v2\/posts\/532914","targetHints":{"allow":["GET"]}}],"collection":[{"href":"https:\/\/www.europesays.com\/fr\/wp-json\/wp\/v2\/posts"}],"about":[{"href":"https:\/\/www.europesays.com\/fr\/wp-json\/wp\/v2\/types\/post"}],"author":[{"embeddable":true,"href":"https:\/\/www.europesays.com\/fr\/wp-json\/wp\/v2\/users\/2"}],"replies":[{"embeddable":true,"href":"https:\/\/www.europesays.com\/fr\/wp-json\/wp\/v2\/comments?post=532914"}],"version-history":[{"count":0,"href":"https:\/\/www.europesays.com\/fr\/wp-json\/wp\/v2\/posts\/532914\/revisions"}],"wp:featuredmedia":[{"embeddable":true,"href":"https:\/\/www.europesays.com\/fr\/wp-json\/wp\/v2\/media\/532915"}],"wp:attachment":[{"href":"https:\/\/www.europesays.com\/fr\/wp-json\/wp\/v2\/media?parent=532914"}],"wp:term":[{"taxonomy":"category","embeddable":true,"href":"https:\/\/www.europesays.com\/fr\/wp-json\/wp\/v2\/categories?post=532914"},{"taxonomy":"post_tag","embeddable":true,"href":"https:\/\/www.europesays.com\/fr\/wp-json\/wp\/v2\/tags?post=532914"}],"curies":[{"name":"wp","href":"https:\/\/api.w.org\/{rel}","templated":true}]}}