{"id":532924,"date":"2025-11-14T05:12:19","date_gmt":"2025-11-14T05:12:19","guid":{"rendered":"https:\/\/www.europesays.com\/fr\/532924\/"},"modified":"2025-11-14T05:12:19","modified_gmt":"2025-11-14T05:12:19","slug":"ce-quil-ne-fallait-pas-manquer-de-coeur-de-ville-en-lumieres","status":"publish","type":"post","link":"https:\/\/www.europesays.com\/fr\/532924\/","title":{"rendered":"ce qu\u2019il ne fallait pas manquer de C\u0153ur de ville en lumi\u00e8res"},"content":{"rendered":"<p>                    Par<br \/>\n        <strong><br \/>\n            <a href=\"https:\/\/actu.fr\/auteur\/metropoop\" title=\"Consulter tous les articles de R\u00e9daction M\u00e9tropolitain\" target=\"_blank\" rel=\"noopener\">R\u00e9daction M\u00e9tropolitain<\/a><br \/>\n                    <\/strong><\/p>\n<p>        Publi\u00e9 le<\/p>\n<p>            14 nov. 2025 \u00e0 4h58        <\/p>\n<p><a href=\"https:\/\/actu.fr\/occitanie\/montpellier_34172\/montpellier-quel-programme-pour-coeur-de-ville-en-lumieres-2025_63423845.html\" target=\"_blank\" rel=\"noopener\">Montpellier c\u00e9l\u00e8bre dix ans de Coeur de ville en lumi\u00e8res<\/a>. Le centre historique se transforme<strong> depuis hier soir<\/strong> entre 18h30 et 22h30. Treize lieux se d\u00e9voilent, neuf fa\u00e7ades accueillent des cr\u00e9ations lumineuses, et cinq \u0153uvres viennent de professionnels. Quatre autres sont sign\u00e9es par des \u00e9tudiants montpelli\u00e9rains : 200 d\u2019entre eux ont travaill\u00e9 avec des sc\u00e9nographes et des techniciens. Le programme offre un parcours dense, qui a d\u00e9j\u00e0 attir\u00e9 \u00e9norm\u00e9ment de monde jeudi soir, avec des projections de trois \u00e0 huit minutes. Un intervalle de cinq \u00e0 dix minutes les s\u00e9pare. <strong> Voici ce qu\u2019il ne fallait pas manquer.<\/strong><\/p>\n<p class=\" wall-content\"><a href=\"https:\/\/www.instagram.com\/p\/DRAtBVAjO8F\/embed\" title=\"Ouvrir le lien sur Instagram\" target=\"_blank\" rel=\"noopener\">Visualiser le contenu sur Instagram<\/a><\/p>\n<p>Les cr\u00e9ations de professionnels<\/p>\n<p class=\" wall-content\">L\u2019aqueduc des Arceaux ouvre le parcours. \u00ab\u00a0Rebonds\u00a0\u00bb rend hommage \u00e0 Montpellier la sportive. Le mus\u00e9e Fabre poursuit avec \u00ab\u00a0Fabre et Montpellier\u00a0\u00bb. La culture locale s\u2019y d\u00e9ploie en aplats color\u00e9s. L\u2019\u00e9glise Saint-Roch encha\u00eene avec \u00ab\u00a0Morph[Ose]\u00a0\u00bb, un r\u00e9cit sur le patrimoine et son \u00e9volution. L\u2019Op\u00e9ra Com\u00e9die offre ensuite \u00ab\u00a0Trajectoires\u00a0\u00bb. Les moyens de transport successifs de la ville reprennent vie, du cheval au tramway. L\u2019h\u00f4tel Saint-C\u00f4me cl\u00f4t cette partie. \u00ab\u00a0La for\u00eat \u00e9lectrique\u00a0\u00bb m\u00eale sons et \u00e9clairs visuels.\u00a0<\/p>\n<p>    <img   decoding=\"async\" loading=\"lazy\" src=\"https:\/\/www.europesays.com\/fr\/wp-content\/uploads\/2025\/11\/coeur-de-ville-en-lumieres-2025-montpellier-03-960x640.jpg\" alt=\"Les Arceaux avec une projection tr\u00e8s dynamique.\" width=\"960\" height=\"640\"\/><br \/>\n    Les Arceaux avec une projection tr\u00e8s dynamique. (\u00a9CN \/ M\u00e9tropolitain)Les installations des \u00e9tudiants<\/p>\n<p class=\" wall-content\">L\u2019h\u00f4tel d\u2019Aur\u00e8s bascule dans un r\u00e9cit num\u00e9rique. \u00ab\u00a0Hack\u2019Coeur\u00a0\u00bb fait plonger la ville dans un chaos informatique. Le jeune Elias tente de la sauver. L\u2019arc de Triomphe pr\u00e9sente deux propositions. \u00ab\u00a0Les souvenirs de Charlie\u00a0\u00bb fait revivre l\u2019enfance d\u2019un Montpelli\u00e9rain, tandis qu&rsquo;\u00a0\u00bbOdyss\u00e9e Montpelli\u00e9raine\u00a0\u00bb avance sur les valeurs de l\u2019amiti\u00e9. La cath\u00e9drale Saint-Pierre accueille aussi deux \u0153uvres. \u00ab\u00a0M\u00e9moires d\u2019O\u00a0\u00bb trace un voyage de l\u2019eau, de la source \u00e0 la mer. \u00ab\u00a0Howl-Harmonie des 4 temps\u00a0\u00bb met en sc\u00e8ne une vision verte de Montpellier. La cour de l\u2019Agora se tourne vers l\u2019innovation. \u00ab\u00a0Vers l\u2019infini et l\u2019Agora\u00a0\u00bb valorise la ville cr\u00e9ative. \u00ab\u00a0Remue m\u00e9ninges\u00a0\u00bb rend hommage \u00e0 ses talents et \u00e0 ses chercheurs.<\/p>\n<p>Une pause ludique \u00e0 l\u2019Agora<\/p>\n<p class=\" wall-content\">Le th\u00e9\u00e2tre de l\u2019Agora se transforme en Game Zone. Jusqu\u2019\u00e0 vendredi, une comp\u00e9tition inter-\u00e9coles anime l\u2019espace.\u00a0<\/p>\n<p>Vid\u00e9os : en ce moment sur ActuLes structures qui guident le parcours<\/p>\n<p class=\" wall-content\">Deux places accueillent \u00ab\u00a0Structures flottantes\u00a0\u00bb : Notre-Dame-des-Tables et la Canourgue. Le kiosque Bosc expose \u00ab\u00a0Le petit th\u00e9\u00e2tre d\u2019ombres de Rabelais\u00a0\u00bb. La place Candolle propose \u00ab\u00a0Ombres et lumi\u00e8res\u00a0\u00bb, <strong>mais seulement le 14 novembre.<\/strong> Si vous n\u2019avez pas pu y aller ce jeudi, pas d\u2019inqui\u00e9tude : le festival dure jusqu\u2019\u00e0 ce samedi 15 novembre. Il vous reste deux jours pour en profiter !<\/p>\n<p class=\" wall-content\">Personnalisez votre actualit\u00e9 en ajoutant vos villes et m\u00e9dias en favori avec <a href=\"https:\/\/moncompte.actu.fr\" title=\"D\u00e9couvez Mon Actu\" rel=\"nofollow noopener\" data-trk=\"{&quot;cta&quot;:{&quot;action&quot;:&quot;https:\\\/\\\/moncompte.actu.fr&quot;,&quot;category&quot;:&quot;mon compte&quot;,&quot;from&quot;:&quot;article footer&quot;,&quot;name&quot;:&quot;Mon actu&quot;,&quot;type&quot;:&quot;cta&quot;}}\" target=\"_blank\">Mon Actu<\/a>.<\/p>\n<p>                    <script async src=\"\/\/www.instagram.com\/embed.js\"><\/script><\/p>\n","protected":false},"excerpt":{"rendered":"Par R\u00e9daction M\u00e9tropolitain Publi\u00e9 le 14 nov. 2025 \u00e0 4h58 Montpellier c\u00e9l\u00e8bre dix ans de Coeur de ville&hellip;\n","protected":false},"author":2,"featured_media":532925,"comment_status":"","ping_status":"","sticky":false,"template":"","format":"standard","meta":{"footnotes":""},"categories":[9599],"tags":[1111,11,1777,674,1011,27,1652,2208,12,2680,25],"class_list":{"0":"post-532924","1":"post","2":"type-post","3":"status-publish","4":"format-standard","5":"has-post-thumbnail","7":"category-montpellier","8":"tag-actu","9":"tag-actualites","10":"tag-eu","11":"tag-europe","12":"tag-fr","13":"tag-france","14":"tag-loisirs-culture","15":"tag-montpellier","16":"tag-news","17":"tag-occitanie","18":"tag-republique-francaise"},"share_on_mastodon":{"url":"https:\/\/pubeurope.com\/@fr\/115546341509109162","error":""},"_links":{"self":[{"href":"https:\/\/www.europesays.com\/fr\/wp-json\/wp\/v2\/posts\/532924","targetHints":{"allow":["GET"]}}],"collection":[{"href":"https:\/\/www.europesays.com\/fr\/wp-json\/wp\/v2\/posts"}],"about":[{"href":"https:\/\/www.europesays.com\/fr\/wp-json\/wp\/v2\/types\/post"}],"author":[{"embeddable":true,"href":"https:\/\/www.europesays.com\/fr\/wp-json\/wp\/v2\/users\/2"}],"replies":[{"embeddable":true,"href":"https:\/\/www.europesays.com\/fr\/wp-json\/wp\/v2\/comments?post=532924"}],"version-history":[{"count":0,"href":"https:\/\/www.europesays.com\/fr\/wp-json\/wp\/v2\/posts\/532924\/revisions"}],"wp:featuredmedia":[{"embeddable":true,"href":"https:\/\/www.europesays.com\/fr\/wp-json\/wp\/v2\/media\/532925"}],"wp:attachment":[{"href":"https:\/\/www.europesays.com\/fr\/wp-json\/wp\/v2\/media?parent=532924"}],"wp:term":[{"taxonomy":"category","embeddable":true,"href":"https:\/\/www.europesays.com\/fr\/wp-json\/wp\/v2\/categories?post=532924"},{"taxonomy":"post_tag","embeddable":true,"href":"https:\/\/www.europesays.com\/fr\/wp-json\/wp\/v2\/tags?post=532924"}],"curies":[{"name":"wp","href":"https:\/\/api.w.org\/{rel}","templated":true}]}}