{"id":532932,"date":"2025-11-14T05:17:11","date_gmt":"2025-11-14T05:17:11","guid":{"rendered":"https:\/\/www.europesays.com\/fr\/532932\/"},"modified":"2025-11-14T05:17:11","modified_gmt":"2025-11-14T05:17:11","slug":"que-faire-a-rennes-ce-week-end-du-15-novembre-au-16-novembre-2025","status":"publish","type":"post","link":"https:\/\/www.europesays.com\/fr\/532932\/","title":{"rendered":"Que faire \u00e0 Rennes ce week-end du 15 novembre au 16 novembre 2025 ?"},"content":{"rendered":"<p>Sortir \u00e0 Rennes le samedi 15 novembre<a href=\"https:\/\/www.letelegramme.fr\/api\/gotourl\/bevt\/2694661\/\" target=\"_blank\" rel=\"noopener\"><br \/>\n        Spectacle \u00ab\u00a0Coucou les moches\u00a0\u00bb<br \/>\n        <\/a><\/p>\n<p>\n        Un One-woman-show peut-\u00eatre un peu \u00ab too much \u00bb ! Et bien non ! Car No\u00e9mie Bousquainaud, elle est comme \u00e7a\u2026 Elle ose tout et c\u2019est \u00e0 \u00e7a qu\u2019on la reconna\u00eet. Trop brusque, trop directe, trop cash, trop f\u00e9ministe, trop romantique, trop angoiss\u00e9e, trop engag\u00e9e, trop bavarde, trop gaffeuse, trop Instagrameuse, manquerait plus qu\u2019elle soit trop belle. Une vision sans filtre sur notre soci\u00e9t\u00e9. R\u00e9servations sur le site ou par t\u00e9l\u00e9phone\n        <\/p>\n<p><a href=\"https:\/\/www.letelegramme.fr\/api\/gotourl\/bevt\/2712699\/\" target=\"_blank\" rel=\"noopener\"><br \/>\n        Babylon Circus &#8211; Tout dernier tour de piste<br \/>\n        <\/a><\/p>\n<p>\n        En \u00e9cho au Poisson qui vivait dans les arbres, Herv\u00e9 Walbecq revient avec ce mobile XXL install\u00e9 sous le puits de lumi\u00e8re du hall du Triangle. Avec cette immersion po\u00e9tique et d\u00e9cal\u00e9e dans l\u2019espace, c\u2019est un bestiaire tout droit sorti des souvenirs d\u2019Herv\u00e9 qui s\u2019articule devant les yeux des visiteurs.\n        <\/p>\n<p><a href=\"https:\/\/www.letelegramme.fr\/api\/gotourl\/bevt\/2910686\/\" target=\"_blank\" rel=\"noopener\"><br \/>\n        Exposition \u00ab\u00a0Voix de femmes, un matrimoine au coeur du Blosne\u00a0\u00bb<br \/>\n        <\/a><\/p>\n<p>\n        Tout public. Dispositif propos\u00e9 par la Ville de Rennes. Dans le cadre du dispositif Nouveaux commissaires, sept habitants du quartier ont choisi de concevoir une exposition sur le matrimoine du Blosne, abord\u00e9 \u00e0 travers les t\u00e9moignages de femmes qui font ou ont fait l\u2019histoire et le matrimoine du quartier.\n        <\/p>\n<p>L&rsquo;agenda des loisirs<\/p>\n<p class=\"moveInBrittany__text\" style=\"color:#fff\">\n            Festivals, expositions, visites, conf\u00e9rences, &#8230;\n          <\/p>\n<p>Sortir \u00e0 Rennes le dimanche 16 novembre<a href=\"https:\/\/www.letelegramme.fr\/api\/gotourl\/bevt\/3017464\/\" target=\"_blank\" rel=\"noopener\"><br \/>\n        Exposition de Carole Rivalin\u00a0: \u00ab\u00a0TuTTi fruTTi\u00a0\u00bb<br \/>\n        <\/a><\/p>\n<p>\n        Nouvelle exposition o\u00f9 elle s\u2019\u00e9loigne des \u0153uvres sur papier et des interventions murales pour s\u2019aventurer dans des compositions plus proches du tableau.\n        <\/p>\n<p><a href=\"https:\/\/www.letelegramme.fr\/api\/gotourl\/bevt\/3047980\/\" target=\"_blank\" rel=\"noopener\"><br \/>\n        Exposition\u00a0: Faire corps<br \/>\n        <\/a><\/p>\n<p>\n        Dans le cadre du festival Glaz, rencontres internationales de la photographie de Rennes, dont l\u2019\u00e9dition 2025 explore les liens entre actes d\u2019amour et de r\u00e9bellion, L\u2019Imagerie centre d\u2019art et de photographie \u00e0 Lannion, s\u2019associe au Frac Bretagne pour une exposition construite \u00e0 partir de leurs collections photographiques. Cette proposition r\u00e9unit des \u0153uvres de 17 artistes de diff\u00e9rentes nationalit\u00e9s qui interrogent les mani\u00e8res de se relier les uns aux autres.\n        <\/p>\n<p><a href=\"https:\/\/www.letelegramme.fr\/api\/gotourl\/bevt\/3042058\/\" target=\"_blank\" rel=\"noopener\"><br \/>\n        Exposition\u00a0: Elles &#8211; Leurs droits, notre histoire<br \/>\n        <\/a><\/p>\n<p>\n        Pour plonger dans le quotidien des Bretilliennes, du XIXe si\u00e8cle \u00e0 nos jours. \u00ab Elles. Leurs droits, notre histoire. Les Bretilliennes s\u2019\u00e9mancipent (XIX-XXe si\u00e8cles) \u00bb retrace l\u2019histoire de l\u2019\u00e9mancipation f\u00e9minine et l\u2019impact que la conqu\u00eate des droits a eu sur le quotidien des femmes d\u2019Ille-et-Vilaine. Fermeture le premier lundi de chaque mois et jours f\u00e9ri\u00e9s. Ouverture exceptionnelle : dimanche 26 octobre, dimanche 30 novembre, dimanches 1er f\u00e9vrier et 8 mars 2026 de 14 h 30 \u00e0 18 h.\n        <\/p>\n<p><a href=\"https:\/\/www.letelegramme.fr\/api\/gotourl\/bevt\/3051218\/\" target=\"_blank\" rel=\"noopener\"><br \/>\n        Brocante r\u00e9tro vintage<br \/>\n        <\/a><\/p>\n<p>\n        Organis\u00e9e par Banana Juice : 80 exposants venant du Grand Ouest avec disques, fripes, petits mobiliers, jouets anciens, BD, publicit\u00e9s anciennes\u2026 Restauration sur place.\n        <\/p>\n<p><\/p>\n","protected":false},"excerpt":{"rendered":"Sortir \u00e0 Rennes le samedi 15 novembre Spectacle \u00ab\u00a0Coucou les moches\u00a0\u00bb Un One-woman-show peut-\u00eatre un peu \u00ab too&hellip;\n","protected":false},"author":2,"featured_media":6963,"comment_status":"","ping_status":"","sticky":false,"template":"","format":"standard","meta":{"footnotes":""},"categories":[2821],"tags":[1111,11,829,1777,674,1011,27,12,3907,584,25],"class_list":{"0":"post-532932","1":"post","2":"type-post","3":"status-publish","4":"format-standard","5":"has-post-thumbnail","7":"category-rennes","8":"tag-actu","9":"tag-actualites","10":"tag-bretagne","11":"tag-eu","12":"tag-europe","13":"tag-fr","14":"tag-france","15":"tag-news","16":"tag-que-faire","17":"tag-rennes","18":"tag-republique-francaise"},"share_on_mastodon":{"url":"https:\/\/pubeurope.com\/@fr\/115546360794306936","error":""},"_links":{"self":[{"href":"https:\/\/www.europesays.com\/fr\/wp-json\/wp\/v2\/posts\/532932","targetHints":{"allow":["GET"]}}],"collection":[{"href":"https:\/\/www.europesays.com\/fr\/wp-json\/wp\/v2\/posts"}],"about":[{"href":"https:\/\/www.europesays.com\/fr\/wp-json\/wp\/v2\/types\/post"}],"author":[{"embeddable":true,"href":"https:\/\/www.europesays.com\/fr\/wp-json\/wp\/v2\/users\/2"}],"replies":[{"embeddable":true,"href":"https:\/\/www.europesays.com\/fr\/wp-json\/wp\/v2\/comments?post=532932"}],"version-history":[{"count":0,"href":"https:\/\/www.europesays.com\/fr\/wp-json\/wp\/v2\/posts\/532932\/revisions"}],"wp:featuredmedia":[{"embeddable":true,"href":"https:\/\/www.europesays.com\/fr\/wp-json\/wp\/v2\/media\/6963"}],"wp:attachment":[{"href":"https:\/\/www.europesays.com\/fr\/wp-json\/wp\/v2\/media?parent=532932"}],"wp:term":[{"taxonomy":"category","embeddable":true,"href":"https:\/\/www.europesays.com\/fr\/wp-json\/wp\/v2\/categories?post=532932"},{"taxonomy":"post_tag","embeddable":true,"href":"https:\/\/www.europesays.com\/fr\/wp-json\/wp\/v2\/tags?post=532932"}],"curies":[{"name":"wp","href":"https:\/\/api.w.org\/{rel}","templated":true}]}}