{"id":532943,"date":"2025-11-14T05:23:32","date_gmt":"2025-11-14T05:23:32","guid":{"rendered":"https:\/\/www.europesays.com\/fr\/532943\/"},"modified":"2025-11-14T05:23:32","modified_gmt":"2025-11-14T05:23:32","slug":"surchauffe-a-nantes-et-saint-nazaire-meteo-france-publie-les-cartes-des-ilots-de-chaleur","status":"publish","type":"post","link":"https:\/\/www.europesays.com\/fr\/532943\/","title":{"rendered":"Surchauffe \u00e0 Nantes et Saint-Nazaire\u00a0: M\u00e9t\u00e9o-France publie les cartes des \u00eelots de chaleur"},"content":{"rendered":"<p>M\u00e9t\u00e9o-France publie des cartes d\u2019\u00eelot de chaleur urbain pour 47\u00a0agglom\u00e9rations. Elles mettent en \u00e9vidence les diff\u00e9rences de temp\u00e9rature entre les villes et leurs p\u00e9riph\u00e9ries rurales, pouvant atteindre jusqu\u2019\u00e0 +\u00a06,4\u00a0\u00b0C \u00e0 Paris, +\u00a05,6\u00a0\u00b0C \u00e0 Grenoble ou +\u00a04,6\u00a0\u00b0C \u00e0 Lyon. Nantes et Saint-Nazaire sont aussi concern\u00e9es.<\/p>\n<p><a rel=\"noopener\" target=\"_blank\" href=\"https:\/\/meteofrance.com\/le-changement-climatique\/les-bases-du-changement-climatique\/cartographie-de-leffet-dilot-de-chaleur\">M\u00e9t\u00e9o-France publie 47\u00a0cartes d\u2019\u00eelots de chaleur urbain (ICU), r\u00e9parties sur l\u2019ensemble de l\u2019Hexagone<\/a>. \u00a0Issues d\u2019une mod\u00e9lisation \u00e0 haute r\u00e9solution, elles d\u00e9crivent l\u2019intensit\u00e9 de la surchauffe urbaine \u00e0 une \u00e9chelle locale\u00a0, pr\u00e9cise M\u00e9t\u00e9o-France. \u00a0Une information pr\u00e9cieuse pour les collectivit\u00e9s et les acteurs de l\u2019am\u00e9nagement qui souhaitent \u00e9laborer des politiques d\u2019adaptation au changement climatique\u00a0.<\/p>\n<p>Meilleure connaissance du climat<\/p>\n<p>Ces cartes offrent <a rel=\"noopener\" target=\"_blank\" href=\"https:\/\/meteofrance.com\/le-changement-climatique\/climadiag-chaleur-en-ville\">une vision du ph\u00e9nom\u00e8ne d\u2019\u00eelot de chaleur urbain<\/a> (r\u00e9solution de 250\u00a0m\u00e8tres). Objectif\u00a0: \u00a0Contribuer \u00e0 une meilleure connaissance du climat en milieu urbain\u00a0. Ces cartes pr\u00e9sentent l\u2019\u00eelot de chaleur urbain lors d\u2019une journ\u00e9e d\u2019\u00e9t\u00e9 fortement ensoleill\u00e9e, \u00a0sachant que l\u2019intensit\u00e9 de l\u2019ICU peut \u00eatre encore amplifi\u00e9e lors d\u2019\u00e9pisodes caniculaires\u00a0, pr\u00e9cise M\u00e9t\u00e9o-France.<\/p>\n<p><a rel=\"noopener\" target=\"_blank\" href=\"https:\/\/nantes.maville.com\/actu\/actudet_-cette-societe-nantaise-propose-une-peinture-de-toit-pour-gagner-6-c-en-pleine-canicule-_8-6937434_actu.Htm\"> <strong>LIRE AUSSI.<\/strong> Refroidir les toits avec de la peinture\u00a0: l\u2019innovation d\u2019Enercool s\u00e9duit les entreprises<\/a><\/p>\n<p>Quelles diff\u00e9rences de temp\u00e9ratures\u00a0?<\/p>\n<p>\t<img decoding=\"async\" src=\"https:\/\/www.europesays.com\/fr\/wp-content\/uploads\/2025\/11\/P35578443D7062056G_px_640_.jpg\" alt=\"photo du c\u00f4t\u00e9 des pays de la loire\u00a0: les diff\u00e9rences atteignent +\u00a04\u00a0\u00b0c \u00e0 nantes, +\u00a03,3\u00a0\u00b0c \u00e0 angers et +\u00a02,5\u00a0\u00b0c \u00e0 saint-nazaire.  \u00a9  image m\u00e9t\u00e9o france - presse oc\u00e9an c\u00e9cile g.\" width=\"640\" title=\" Du c\u00f4t\u00e9 des Pays de la Loire\u00a0: les diff\u00e9rences atteignent +\u00a04\u00a0\u00b0C \u00e0 Nantes, +\u00a03,3\u00a0\u00b0C \u00e0 Angers et +\u00a02,5\u00a0\u00b0C \u00e0 Saint-Nazaire.   Image M\u00e9t\u00e9o France - Presse Oc\u00e9an C\u00e9cile G. \"\/><\/p>\n<p class=\"elmt-legende\"> Du c\u00f4t\u00e9 des Pays de la Loire\u00a0: les diff\u00e9rences atteignent +\u00a04\u00a0\u00b0C \u00e0 Nantes, +\u00a03,3\u00a0\u00b0C \u00e0 Angers et +\u00a02,5\u00a0\u00b0C \u00e0 Saint-Nazaire.   Image M\u00e9t\u00e9o France &#8211; Presse Oc\u00e9an C\u00e9cile G. <\/p>\n<p>Parmi les communes surchauff\u00e9es, Paris se classe sans surprise en premi\u00e8re position. Suivie par Grenoble o\u00f9 l\u2019\u00eelot de chaleur est plus fort qu\u2019\u00e0 Lille ou \u00e0 Clermont-Ferrand\u2026 Dans le d\u00e9tail, les diff\u00e9rences de temp\u00e9rature entre les villes et leurs p\u00e9riph\u00e9ries rurales peuvent atteindre jusqu\u2019\u00e0 +\u00a06,4\u00a0\u00b0C \u00e0 Paris, +\u00a05,6\u00a0\u00b0C \u00e0 Grenoble ou +\u00a04,6\u00a0\u00b0C \u00e0 Lyon.<\/p>\n<p><a rel=\"noopener\" target=\"_blank\" href=\"https:\/\/rennes.maville.com\/actu\/actudet_-un-ete-2025-toujours-aussi-chaud-pour-l-ocean-_8-6969062_actu.Htm\"> <strong>LIRE AUSSI.<\/strong> Un \u00e9t\u00e9 2025 toujours aussi chaud pour l\u2019oc\u00e9an<\/a><\/p>\n<p>Et dans les Pays de la Loire\u00a0?<\/p>\n<p>Du c\u00f4t\u00e9 des Pays de la Loire\u00a0: les diff\u00e9rences atteignent +\u00a04\u00a0\u00b0C \u00e0 Nantes, +\u00a03,3\u00a0\u00b0C \u00e0 Angers et +\u00a02,5\u00a0\u00b0C \u00e0 Saint-Nazaire.<\/p>\n<p>M\u00e9t\u00e9o-France analyse\u00a0: \u00a0\u00c0 Saint-Nazaire et dans ses environs, l\u2019ICU maximal apr\u00e8s une journ\u00e9e d\u2019\u00e9t\u00e9 fortement ensoleill\u00e9e atteint 2,5\u00a0\u00b0C, ce qui signifie que la temp\u00e9rature nocturne en ville peut d\u00e9passer de 2,5\u00a0\u00b0C celle de la campagne alentour.\u00a0 En 2020, l\u2019Auran (Agence d\u2019urbanisme de la r\u00e9gion nantaise) avait d\u00e9j\u00e0 engag\u00e9 \u00e0 son initiative un travail de rep\u00e9rage des \u00eelots de chaleur en Loire-Atlantique \u00e0 partir de l\u2019exploitation de donn\u00e9es satellitaires. <a rel=\"noopener\" target=\"_blank\" href=\"https:\/\/tiles.auran.org\/ICUV2\/#8.65\/47.3352\/-1.7827\">Leur carte interactive est visible ici.<\/a><\/p>\n<p><a rel=\"noopener\" target=\"_blank\" href=\"https:\/\/saint-nazaire.maville.com\/actu\/actudet_-la-secheresse-de-l-ete-1976-ils-ne-l-oublieront-jamais-_8-6936793_actu.Htm\"> <strong>LIRE AUSSI<\/strong>. La s\u00e9cheresse de l\u2019\u00e9t\u00e9 1976, ils ne l\u2019oublieront jamais<\/a><\/p>\n<p>\t<img decoding=\"async\" src=\"https:\/\/www.europesays.com\/fr\/wp-content\/uploads\/2025\/11\/P35578444D7062056G_px_640_.jpg\" alt=\"photo \u00e0 saint-nazaire et dans ses environs, l\u2019icu maximal apr\u00e8s une journ\u00e9e d\u2019\u00e9t\u00e9 fortement ensoleill\u00e9e atteint 2,5\u00a0\u00b0c, ce qui signifie que la temp\u00e9rature nocturne en ville peut d\u00e9passer de 2,5\u00a0\u00b0c celle de la campagne alentour.  \u00a9  image m\u00e9t\u00e9o france - presse oc\u00e9an c\u00e9cile g.\" width=\"640\" title=\" \u00c0 Saint-Nazaire et dans ses environs, l\u2019ICU maximal apr\u00e8s une journ\u00e9e d\u2019\u00e9t\u00e9 fortement ensoleill\u00e9e atteint 2,5\u00a0\u00b0C, ce qui signifie que la temp\u00e9rature nocturne en ville peut d\u00e9passer de 2,5\u00a0\u00b0C celle de la campagne alentour.   Image M\u00e9t\u00e9o France - Presse Oc\u00e9an C\u00e9cile G. \"\/><\/p>\n<p class=\"elmt-legende\"> \u00c0 Saint-Nazaire et dans ses environs, l\u2019ICU maximal apr\u00e8s une journ\u00e9e d\u2019\u00e9t\u00e9 fortement ensoleill\u00e9e atteint 2,5\u00a0\u00b0C, ce qui signifie que la temp\u00e9rature nocturne en ville peut d\u00e9passer de 2,5\u00a0\u00b0C celle de la campagne alentour.   Image M\u00e9t\u00e9o France &#8211; Presse Oc\u00e9an C\u00e9cile G. <\/p>\n<p>Pourquoi ces diff\u00e9rences\u00a0?<\/p>\n<p>\u00a0De nombreux facteurs emp\u00eachent l\u2019espace urbain de se refroidir tels que le mod\u00e8le d\u2019urbanisation, les rev\u00eatements des sols, la carence de v\u00e9g\u00e9talisation ou d\u2019eau dans les espaces publics\u00a0, explique M\u00e9t\u00e9o-France. L\u2019air au-dessus de la ville se refroidit ainsi moins qu\u2019\u00e0 la campagne, g\u00e9n\u00e9rant un \u00a0\u00eelot de chaleur urbain\u00a0.<\/p>\n<p><a rel=\"noopener\" target=\"_blank\" href=\"https:\/\/nantes.maville.com\/actu\/actudet_-edito.-une-canicule-etait-une-fatalite.-elle-est-devenue-la-manifestation-d-un-mouvement-inexorable-_8-6936917_actu.Htm\"> <strong>\u00c9DITO.<\/strong> Une canicule \u00e9tait une fatalit\u00e9. Elle est devenue la manifestation d\u2019un mouvement inexorable<\/a><\/p>\n<p>Pourquoi cela peut poser probl\u00e8me\u00a0?<\/p>\n<p>Dans un contexte de r\u00e9chauffement climatique, on s\u2019attend \u00e0 des canicules plus longues et plus intenses. \u00a0La fr\u00e9quence des vagues de chaleur devrait doubler en France d\u2019ici 2050, avec davantage de pr\u00e9cocit\u00e9\u00a0, alerte M\u00e9t\u00e9o-France.<\/p>\n<p>Dans son rapport publi\u00e9 mercredi 18\u00a0juin 2025, le Giec des Pays de la Loire enfonce encore un peu plus le clou\u00a0: <a rel=\"noopener\" target=\"_blank\" href=\"https:\/\/nantes.maville.com\/actu\/actudet_-les-inegalites-sociales-renforcent-le-risque-face-au-changement-climatique-_9-6860226_actu.Htm\">un habitant de la r\u00e9gion sur deux est expos\u00e9 aux al\u00e9as climatiques majeurs. Un risque amplifi\u00e9 par les facteurs sociaux et territoriaux<\/a>.<\/p>\n<p>\u00a0<\/p>\n","protected":false},"excerpt":{"rendered":"M\u00e9t\u00e9o-France publie des cartes d\u2019\u00eelot de chaleur urbain pour 47\u00a0agglom\u00e9rations. Elles mettent en \u00e9vidence les diff\u00e9rences de temp\u00e9rature&hellip;\n","protected":false},"author":2,"featured_media":532944,"comment_status":"","ping_status":"","sticky":false,"template":"","format":"standard","meta":{"footnotes":""},"categories":[2818],"tags":[1111,11,25102,13208,1777,674,1011,27,46836,2357,766,12,2636,11755,25,3272,65264],"class_list":{"0":"post-532943","1":"post","2":"type-post","3":"status-publish","4":"format-standard","5":"has-post-thumbnail","7":"category-nantes","8":"tag-actu","9":"tag-actualites","10":"tag-cartes","11":"tag-chaleur","12":"tag-eu","13":"tag-europe","14":"tag-fr","15":"tag-france","16":"tag-ilots","17":"tag-meteo-france","18":"tag-nantes","19":"tag-news","20":"tag-pays-de-la-loire","21":"tag-publie","22":"tag-republique-francaise","23":"tag-saint-nazaire","24":"tag-surchauffe"},"share_on_mastodon":{"url":"https:\/\/pubeurope.com\/@fr\/115546385306331901","error":""},"_links":{"self":[{"href":"https:\/\/www.europesays.com\/fr\/wp-json\/wp\/v2\/posts\/532943","targetHints":{"allow":["GET"]}}],"collection":[{"href":"https:\/\/www.europesays.com\/fr\/wp-json\/wp\/v2\/posts"}],"about":[{"href":"https:\/\/www.europesays.com\/fr\/wp-json\/wp\/v2\/types\/post"}],"author":[{"embeddable":true,"href":"https:\/\/www.europesays.com\/fr\/wp-json\/wp\/v2\/users\/2"}],"replies":[{"embeddable":true,"href":"https:\/\/www.europesays.com\/fr\/wp-json\/wp\/v2\/comments?post=532943"}],"version-history":[{"count":0,"href":"https:\/\/www.europesays.com\/fr\/wp-json\/wp\/v2\/posts\/532943\/revisions"}],"wp:featuredmedia":[{"embeddable":true,"href":"https:\/\/www.europesays.com\/fr\/wp-json\/wp\/v2\/media\/532944"}],"wp:attachment":[{"href":"https:\/\/www.europesays.com\/fr\/wp-json\/wp\/v2\/media?parent=532943"}],"wp:term":[{"taxonomy":"category","embeddable":true,"href":"https:\/\/www.europesays.com\/fr\/wp-json\/wp\/v2\/categories?post=532943"},{"taxonomy":"post_tag","embeddable":true,"href":"https:\/\/www.europesays.com\/fr\/wp-json\/wp\/v2\/tags?post=532943"}],"curies":[{"name":"wp","href":"https:\/\/api.w.org\/{rel}","templated":true}]}}