{"id":532947,"date":"2025-11-14T05:25:17","date_gmt":"2025-11-14T05:25:17","guid":{"rendered":"https:\/\/www.europesays.com\/fr\/532947\/"},"modified":"2025-11-14T05:25:17","modified_gmt":"2025-11-14T05:25:17","slug":"safly-lappli-bordelaise-prete-a-exploiter-la-peur-du-harcelement-de-rue","status":"publish","type":"post","link":"https:\/\/www.europesays.com\/fr\/532947\/","title":{"rendered":"Safly, l\u2019appli bordelaise pr\u00eate \u00e0 exploiter la peur du harc\u00e8lement de rue"},"content":{"rendered":"<p class=\"wp-block-post-excerpt__excerpt\">Ce jeudi 13 novembre, la nouvelle application Safly s\u2019est lanc\u00e9e \u00e0 Bordeaux, avec pour ambition de lutter contre le harc\u00e8lement de rue. Son cr\u00e9ateur, S\u00e9bastien Lamour, propose pour 10 euros de r\u00e9server un accompagnateur citoyen pour un co-pi\u00e9tonnage dissuasif. Enqu\u00eate sur un mod\u00e8le qui interroge autant les professionnels de la s\u00e9curit\u00e9 que les f\u00e9ministes, qui d\u00e9noncent une marchandisation de la peur. <\/p>\n<p><a href=\"https:\/\/rue89bordeaux.com\/category\/kiosque-abonne\/\" rel=\"tag nofollow noopener\" target=\"_blank\">\u00c9dition abonn\u00e9s<\/a>, <a href=\"https:\/\/rue89bordeaux.com\/category\/enquetes\/\" rel=\"tag nofollow noopener\" target=\"_blank\">Enqu\u00eate<\/a><\/p>\n<p>Zo\u00e9 Keunebroek<\/p>\n<p>Publi\u00e9 le 14 novembre 2025\u00a0\u00a0\u00b7\u00a0\u00a0<\/p>\n<p>Imprim\u00e9 le 14 novembre 2025 \u00e0 06h25\u00a0\u00a0\u00b7\u00a0\u00a0<\/p>\n<p>\t\t\t\t\t7\u00a0minutes\n<\/p>\n<p>D\u00e9but septembre 2025, S\u00e9bastien Lamour, dipl\u00f4m\u00e9 d\u2019une \u00e9cole de commerce et ancien monteur vid\u00e9o pour des cr\u00e9ateurs de contenus sp\u00e9cialis\u00e9s en crypto-monnaie, pr\u00e9sente son nouveau concept.<\/p>\n<blockquote class=\"wp-block-quote is-layout-flow wp-block-quote-is-layout-flow\">\n<p>\u00ab\u00a0Salut, je m\u2019appelle S\u00e9bastien, je suis le fondateur de Safly. J\u2019ai cr\u00e9\u00e9 un service de copi\u00e9tonnage qui permet de commander un agent de s\u00e9curit\u00e9 pour \u00e9viter le harc\u00e8lement de rue.\u00a0\u00bb<\/p>\n<\/blockquote>\n<p>Contact\u00e9, le jeune entrepreneur explique alors les motivations qui l\u2019ont pouss\u00e9 \u00e0 cr\u00e9er cette application qui permet aux noctambules de trouver un chaperon pour regagner leurs p\u00e9nates :\u00a0<\/p>\n<blockquote class=\"wp-block-quote is-layout-flow wp-block-quote-is-layout-flow\">\n<p>\u00ab\u00a0Le harc\u00e8lement de rue, je l\u2019observe depuis longtemps. Ces derniers temps, j\u2019entends beaucoup de femmes dire que \u00e7a s\u2019est empir\u00e9 et qu\u2019elles sortent moins. Je propose une solution concr\u00e8te, viable, applicable au niveau national.\u00a0\u00bb<\/p>\n<\/blockquote>\n<p>Sur un lien calendly \u2013 outil de prise de rendez-vous en ligne avec une version gratuite \u2013, l\u2019utilisatrice r\u00e9serve alors un cr\u00e9neau et pr\u00e9cise le lieu de rendez-vous, comme nous avons pu le tester. Safly transmet l\u2019information \u00e0 un walker disponible, et le jour du trajet, celui-ci est l\u00e0 pile \u00e0 l\u2019heure et \u00e9change avec le num\u00e9ro de t\u00e9l\u00e9phone renseign\u00e9, avant de faire la \u00ab\u00a0course\u00a0\u00bb jusqu\u2019\u00e0 l\u2019adresse indiqu\u00e9e.\u00a0<\/p>\n<p>\t\tL\u2019extr\u00eame droite valide<\/p>\n<p>Partag\u00e9e sur les r\u00e9seaux sociaux, la vid\u00e9o de pr\u00e9sentation de Safly a \u00e9t\u00e9 relay\u00e9e sur X par le compte d\u2019extr\u00eame droite Fdesouche. D\u00e9but septembre la nouvelle \u00e9mission de Cyril Hanouna, Tout Beau, Tout 9 et Sud Radio en font la promotion. Des retours que le cr\u00e9ateur a lou\u00e9s sur son profil LinkedIn.\u00a0<\/p>\n<p class=\"has-warning-color has-text-color\">\n\t\t\t<strong> Cet article fait partie de l\u2019\u00e9dition abonn\u00e9s.<\/strong><br \/>\n\t\t\t| D\u00e9j\u00e0 abonn\u00e9\u00a0?<br \/>\n\t\t\t<a href=\"https:\/\/rue89bordeaux.com\/user\/login\/\" data-type=\"page\" data-id=\"26256\" rel=\"nofollow noopener\" target=\"_blank\">Connectez-vous<\/a>\n\t\t<\/p>\n<p>Abonnez-vous maintenant pour poursuivre votre lecture<\/p>\n<p><img loading=\"lazy\" decoding=\"async\" width=\"607\" height=\"480\" src=\"https:\/\/www.europesays.com\/fr\/wp-content\/uploads\/2025\/04\/1744387698_768_04-paywall.png\" alt=\"Abonnez-vous\" class=\"wp-image-128438\"  \/><\/p>\n<p>\t\t\t<a href=\"https:\/\/rue89bordeaux.com\/\" class=\"custom-logo-link\" rel=\"home nofollow noopener\" target=\"_blank\"><img loading=\"lazy\" decoding=\"async\" width=\"290\" height=\"49\" src=\"https:\/\/www.europesays.com\/fr\/wp-content\/uploads\/2025\/04\/logo.png\" class=\"custom-logo\" alt=\"Rue89Bordeaux Enqu\u00eates et informations de proximit\u00e9\"  \/><\/a><\/p>\n<p>\n\t\t\t\tAbonnez-vous maintenant pour suivre l\u2019actualit\u00e9 locale.\t\t\t<\/p>\n<p class=\"font-bold font-serif-heading mb-2 text-4xl\">\n\t\t\t\t\t\tL\u2019investigation locale \u00e0 port\u00e9e de main.\n\t\t\t\t\t<\/p>\n<p>\n\t\t\t\t\t\tAbonnez-vous et profitez d\u2019un acc\u00e8s illimit\u00e9 \u00e0 Rue89Bordeaux. Annulez quand vous voulez.\n\t\t\t\t\t<\/p>\n<p class=\"xl:text-sm\">\n\t\t\t\t\tD\u00e9j\u00e0 abonn\u00e9\u00a0?<br \/>\n\t\t\t\t\t<a class=\"border border-transparent text-center transition-colors duration-instant focus:border-info focus:rounded focus:shadow-focus cursor-pointer text-black hover:text-gray-700 active:bg-black-700 font-semibold inline-block\" href=\"https:\/\/rue89bordeaux.com\/user\/login\/?redirect=\/2025\/11\/safly-lappli-bordelaise-prete-a-exploiter-la-peur-du-harcelement-de-rue\/\" rel=\"nofollow noopener\" target=\"_blank\">Connectez-vous<\/a>\t\t\t\t<\/p>\n<p>\n\t\t\t\tChoisissez votre formule\u00a0:\n\t\t\t<\/p>\n<p>\t\t\t\tFermer<\/p>\n","protected":false},"excerpt":{"rendered":"Ce jeudi 13 novembre, la nouvelle application Safly s\u2019est lanc\u00e9e \u00e0 Bordeaux, avec pour ambition de lutter contre&hellip;\n","protected":false},"author":2,"featured_media":532948,"comment_status":"","ping_status":"","sticky":false,"template":"","format":"standard","meta":{"footnotes":""},"categories":[2817],"tags":[1111,11,1997,1777,674,1011,27,3668,12,2219,4125,25,65265],"class_list":{"0":"post-532947","1":"post","2":"type-post","3":"status-publish","4":"format-standard","5":"has-post-thumbnail","7":"category-bordeaux","8":"tag-actu","9":"tag-actualites","10":"tag-bordeaux","11":"tag-eu","12":"tag-europe","13":"tag-fr","14":"tag-france","15":"tag-harcelement","16":"tag-news","17":"tag-nouvelle-aquitaine","18":"tag-numerique","19":"tag-republique-francaise","20":"tag-stop-harcelement-de-rue"},"share_on_mastodon":{"url":"https:\/\/pubeurope.com\/@fr\/115546393017092172","error":""},"_links":{"self":[{"href":"https:\/\/www.europesays.com\/fr\/wp-json\/wp\/v2\/posts\/532947","targetHints":{"allow":["GET"]}}],"collection":[{"href":"https:\/\/www.europesays.com\/fr\/wp-json\/wp\/v2\/posts"}],"about":[{"href":"https:\/\/www.europesays.com\/fr\/wp-json\/wp\/v2\/types\/post"}],"author":[{"embeddable":true,"href":"https:\/\/www.europesays.com\/fr\/wp-json\/wp\/v2\/users\/2"}],"replies":[{"embeddable":true,"href":"https:\/\/www.europesays.com\/fr\/wp-json\/wp\/v2\/comments?post=532947"}],"version-history":[{"count":0,"href":"https:\/\/www.europesays.com\/fr\/wp-json\/wp\/v2\/posts\/532947\/revisions"}],"wp:featuredmedia":[{"embeddable":true,"href":"https:\/\/www.europesays.com\/fr\/wp-json\/wp\/v2\/media\/532948"}],"wp:attachment":[{"href":"https:\/\/www.europesays.com\/fr\/wp-json\/wp\/v2\/media?parent=532947"}],"wp:term":[{"taxonomy":"category","embeddable":true,"href":"https:\/\/www.europesays.com\/fr\/wp-json\/wp\/v2\/categories?post=532947"},{"taxonomy":"post_tag","embeddable":true,"href":"https:\/\/www.europesays.com\/fr\/wp-json\/wp\/v2\/tags?post=532947"}],"curies":[{"name":"wp","href":"https:\/\/api.w.org\/{rel}","templated":true}]}}