{"id":532953,"date":"2025-11-14T05:28:21","date_gmt":"2025-11-14T05:28:21","guid":{"rendered":"https:\/\/www.europesays.com\/fr\/532953\/"},"modified":"2025-11-14T05:28:21","modified_gmt":"2025-11-14T05:28:21","slug":"toulouse-dans-ce-quartier-encore-en-train-de-sortir-de-terre-de-nouveaux-commerces-vont-sinstaller","status":"publish","type":"post","link":"https:\/\/www.europesays.com\/fr\/532953\/","title":{"rendered":"Toulouse. Dans ce quartier encore en train de sortir de terre, de nouveaux commerces vont s&rsquo;installer"},"content":{"rendered":"<p>                    Par<br \/>\n        <strong><br \/>\n            <a href=\"https:\/\/actu.fr\/auteur\/lucie-2\" title=\"Consulter tous les articles de Lucie Fraisse\" rel=\"nofollow noopener\" target=\"_blank\">Lucie Fraisse<\/a><br \/>\n                    <\/strong><\/p>\n<p>        Publi\u00e9 le<\/p>\n<p>            14 nov. 2025 \u00e0 6h04        <\/p>\n<p>Les grues et les engins de chantier sont certes toujours l\u00e0. Mais, tout doucement,<a href=\"https:\/\/actu.fr\/occitanie\/toulouse_31555\/toulouse-surplombe-par-le-metro-un-nouveau-quartier-de-1200-logements-sort-de-terre_62888855.html\" rel=\"nofollow noopener\" target=\"_blank\"> le quartier Guillaumet, sur le site de l\u2019ex-CEAT<\/a>, \u00e0<strong> Toulouse<\/strong>, commence \u00e0 ressembler aux images que les promoteurs avaient publi\u00e9es au lancement du projet. Les premiers habitants se sont install\u00e9s dans les logements, les espaces publics sont occup\u00e9s par les promeneurs et les enfants, les \u00e9quipements sportifs accueillent les athl\u00e8tes et tous les bureaux ont \u00e9t\u00e9 livr\u00e9s. Dans quelques semaines, une nouvelle \u00e9tape va \u00eatre franchie avec<strong> l\u2019ouverture des premiers commerces<\/strong> situ\u00e9s dans cet \u00e9coquartier surplomb\u00e9 par la ligne A du m\u00e9tro. On fait le point.<\/p>\n<p>Treize hectares, fin du chantier en 2027<\/p>\n<p class=\" wall-content\">C\u2019est un chantier sur treize hectares, port\u00e9 par Altarea et Cr\u00e9dit agricole Immobilier, lanc\u00e9 \u00e0 la fin de l\u2019ann\u00e9e 2020 et qui doit s\u2019achever en 2027. \u00c0 cette date, la friche militaire industrielle de<strong> l\u2019ancien Centre d\u2019essai a\u00e9ronautique de Toulouse<\/strong> (CEAT) sera totalement transform\u00e9 en \u00e9coquartier.<\/p>\n<p class=\" wall-content\">\u00ab\u00a0Le quartier Guillaumet entre aujourd\u2019hui dans sa phase finale, estime Cyndie Alsina, directrice de programme d\u2019Altarea. Les bureaux sont tous termin\u00e9s et au printemps 2026, 85 % des logements seront achev\u00e9s.\u00a0\u00bb<\/p>\n<p>Une pharmacie d\u00e9but 2026<\/p>\n<p class=\" wall-content\">1 250 logements doivent \u00eatre livr\u00e9s au total, pour 8500 m\u00b2 de bureaux, 9000 m\u00b2 d\u2019\u00e9quipements et <strong>5800 m\u00b2 de commerces<\/strong>. C\u2019est d\u2019ailleurs la prochaine grosse \u00e9tape pour le quartier : les premi\u00e8res \u00e9choppes accueilleront les clients dans quelques semaines.<\/p>\n<p>    <img   decoding=\"async\" loading=\"lazy\" src=\"https:\/\/www.europesays.com\/fr\/wp-content\/uploads\/2025\/11\/pharmacie-guillaumet-toulouse-lf-960x640.jpg\" alt=\"La pharmacie sera situ\u00e9e sur la rue du CEAT.\" width=\"960\" height=\"640\"\/><br \/>\n    La pharmacie sera situ\u00e9e sur la rue du CEAT. (\u00a9L.F.\/Actu Toulouse)<\/p>\n<p class=\" wall-content\">C\u2019est une pharmacie qui doit ouvrir en premier dans le quartier. L\u2019officine sera situ\u00e9e sur la rue du CEAT et accueillera les clients au d\u00e9but de l\u2019ann\u00e9e 2026.<\/p>\n<p>Votre r\u00e9gion, votre actu !<\/p>\n<p>Recevez chaque jour les infos qui comptent pour vous.<\/p>\n<p>\t<a href=\"https:\/\/actu.fr\/newsletter\" class=\"ac-btn ac-btn--corner ac-btn--medium ac-btn--blue800\" rel=\"nofollow noopener\" target=\"_blank\">S&rsquo;incrire<\/a><br \/>\nUn supermarch\u00e9, un opticien, une boulangerie\u2026<br \/>\n    <img   decoding=\"async\" loading=\"lazy\" src=\"https:\/\/www.europesays.com\/fr\/wp-content\/uploads\/2025\/11\/carrefour-market-jolimont-toulouse-lf-960x640.jpg\" alt=\"Le Carrefour market de Jolimont va d\u00e9m\u00e9nager \u00e0 Guillaumet?. Ouverture pr\u00e9vue en 2026.\" width=\"960\" height=\"640\"\/><br \/>\n    Le Carrefour Market de Jolimont va d\u00e9m\u00e9nager \u00e0 Guillaumet. Ouverture pr\u00e9vue en 2026. (\u00a9L.F.\/Actu Toulouse)<\/p>\n<p class=\" wall-content\">Suivra l\u2019ouverture d\u2019un <strong>Carrefour market<\/strong>, toujours rue du CEAT, \u00e0 l\u2019angle de l\u2019avenue Yves Brunaud. Il s\u2019agit en fait du d\u00e9m\u00e9nagement du Carrefour market de Jolimont, son ouverture est programm\u00e9e pour le printemps.\u00a0<\/p>\n<p>Une salle de fitness<br \/>\n    <img   decoding=\"async\" loading=\"lazy\" src=\"https:\/\/www.europesays.com\/fr\/wp-content\/uploads\/2025\/11\/ex-soufflerie-ceat-toulous-lf-960x640.jpg\" alt=\"L'ancienne soufflerie du CEAT doit \u00eatre transform\u00e9e en tiers lieu. Un nouveau b\u00e2timent va y \u00eatre accol\u00e9, il abritera notamment une salle de fitness.\" width=\"960\" height=\"640\"\/><br \/>\n    L\u2019ancienne soufflerie du CEAT doit \u00eatre transform\u00e9e en tiers lieu. Un nouveau b\u00e2timent va y \u00eatre accol\u00e9, il abritera notamment une salle de fitness. (\u00a9L.F.\/Actu Toulouse)<\/p>\n<p class=\" wall-content\">En 2026 aussi, <strong>une salle de fitness<\/strong> qui doit ouvrir dans un nouveau b\u00e2timent, dont la construction va d\u00e9buter prochainement, accol\u00e9 \u00e0 l\u2019ancienne soufflerie qui sera elle transform\u00e9e en tiers lieu, sans doute \u00e0 vocation culturelle.<\/p>\n<p class=\" wall-content\">Un deuxi\u00e8me tiers-lieu situ\u00e9 lui au niveau des deux chemin\u00e9es embl\u00e9matiques de l\u2019ex-CEAT et<a href=\"https:\/\/actu.fr\/occitanie\/toulouse_31555\/apres-la-cartoucherie-ils-vont-ouvrir-de-nouvelles-halles-a-toulouse-voici-le-projet_62662179.html\" rel=\"nofollow noopener\" target=\"_blank\"> port\u00e9 par les \u00e9quipes des Halles de la Cartoucherie<\/a> doit aussi ouvrir en 2027.\u00a0<\/p>\n<p>    <img   decoding=\"async\" loading=\"lazy\" src=\"https:\/\/www.europesays.com\/fr\/wp-content\/uploads\/2025\/11\/cheminees-jolimont-toulouse-lf-960x640.jpg\" alt=\"Un Tiers-lieu port\u00e9 par les \u00e9quipes des Halles de la Cartoucherie est en chantier.\" width=\"960\" height=\"640\"\/><br \/>\n    Un tiers-lieu port\u00e9 par les \u00e9quipes des Halles de la Cartoucherie est en chantier. (\u00a9L.F.\/actu Toulouse)<\/p>\n<p class=\" wall-content\">Tr\u00e8s prochainement<strong>, c\u2019est un parking couvert<\/strong> qui doit ouvrir dans le quartier Guillaumet. Il sera accessible \u00e0 la fin de l\u2019ann\u00e9e 2025 et exploit\u00e9 par Indigo.\u00a0<\/p>\n<p class=\" wall-content\">\u00c0 terme, le quartier comptera une douzaine de commerces, des locaux commerciaux sont d\u00e9j\u00e0 fl\u00e9ch\u00e9s pour accueillir des offres de restauration.<\/p>\n<p>Une r\u00e9sidence seniors vient d&rsquo;\u00eatre livr\u00e9e<\/p>\n<p>Une r\u00e9sidence seniors vient tout juste d&rsquo;\u00eatre livr\u00e9e dans le quartier Guillaumet. On y trouve 85 appartements d\u00e9di\u00e9s aux s\u00e9niors (studio, T2 ou T3), et seize logements ouverts \u00e0 d&rsquo;autres publics. C&rsquo;est la seconde r\u00e9sidence Noh\u00e9e de Toulouse, la premi\u00e8re \u00e9tant situ\u00e9e sur le quai Saint-Pierre.<\/p>\n<p class=\" wall-content\">\u00c0 la livraison finale du quartier Guillaumet, 2 500 personnes devraient y habiter.<\/p>\n<p class=\" wall-content\">Personnalisez votre actualit\u00e9 en ajoutant vos villes et m\u00e9dias en favori avec <a href=\"https:\/\/moncompte.actu.fr\" title=\"D\u00e9couvez Mon Actu\" rel=\"nofollow noopener\" data-trk=\"{&quot;cta&quot;:{&quot;action&quot;:&quot;https:\\\/\\\/moncompte.actu.fr&quot;,&quot;category&quot;:&quot;mon compte&quot;,&quot;from&quot;:&quot;article footer&quot;,&quot;name&quot;:&quot;Mon actu&quot;,&quot;type&quot;:&quot;cta&quot;}}\" target=\"_blank\">Mon Actu<\/a>.<\/p>\n","protected":false},"excerpt":{"rendered":"Par Lucie Fraisse Publi\u00e9 le 14 nov. 2025 \u00e0 6h04 Les grues et les engins de chantier sont&hellip;\n","protected":false},"author":2,"featured_media":532954,"comment_status":"","ping_status":"","sticky":false,"template":"","format":"standard","meta":{"footnotes":""},"categories":[2816],"tags":[1111,11,1777,674,1011,27,12,2680,25,104,2312,2086],"class_list":{"0":"post-532953","1":"post","2":"type-post","3":"status-publish","4":"format-standard","5":"has-post-thumbnail","7":"category-toulouse","8":"tag-actu","9":"tag-actualites","10":"tag-eu","11":"tag-europe","12":"tag-fr","13":"tag-france","14":"tag-news","15":"tag-occitanie","16":"tag-republique-francaise","17":"tag-societe","18":"tag-toulouse","19":"tag-travaux"},"share_on_mastodon":{"url":"https:\/\/pubeurope.com\/@fr\/115546405511059682","error":""},"_links":{"self":[{"href":"https:\/\/www.europesays.com\/fr\/wp-json\/wp\/v2\/posts\/532953","targetHints":{"allow":["GET"]}}],"collection":[{"href":"https:\/\/www.europesays.com\/fr\/wp-json\/wp\/v2\/posts"}],"about":[{"href":"https:\/\/www.europesays.com\/fr\/wp-json\/wp\/v2\/types\/post"}],"author":[{"embeddable":true,"href":"https:\/\/www.europesays.com\/fr\/wp-json\/wp\/v2\/users\/2"}],"replies":[{"embeddable":true,"href":"https:\/\/www.europesays.com\/fr\/wp-json\/wp\/v2\/comments?post=532953"}],"version-history":[{"count":0,"href":"https:\/\/www.europesays.com\/fr\/wp-json\/wp\/v2\/posts\/532953\/revisions"}],"wp:featuredmedia":[{"embeddable":true,"href":"https:\/\/www.europesays.com\/fr\/wp-json\/wp\/v2\/media\/532954"}],"wp:attachment":[{"href":"https:\/\/www.europesays.com\/fr\/wp-json\/wp\/v2\/media?parent=532953"}],"wp:term":[{"taxonomy":"category","embeddable":true,"href":"https:\/\/www.europesays.com\/fr\/wp-json\/wp\/v2\/categories?post=532953"},{"taxonomy":"post_tag","embeddable":true,"href":"https:\/\/www.europesays.com\/fr\/wp-json\/wp\/v2\/tags?post=532953"}],"curies":[{"name":"wp","href":"https:\/\/api.w.org\/{rel}","templated":true}]}}