{"id":532955,"date":"2025-11-14T05:29:38","date_gmt":"2025-11-14T05:29:38","guid":{"rendered":"https:\/\/www.europesays.com\/fr\/532955\/"},"modified":"2025-11-14T05:29:38","modified_gmt":"2025-11-14T05:29:38","slug":"le-label-4-fleurs-renouvele-par-le-conseil-national-des-villes-et-villages-fleuris","status":"publish","type":"post","link":"https:\/\/www.europesays.com\/fr\/532955\/","title":{"rendered":"Le label \u00ab 4 fleurs \u00bb renouvel\u00e9 par le Conseil national des villes et villages fleuris"},"content":{"rendered":"<p class=\"introduction\">Le jury national des Villes et Villages fleuris a d\u00e9cid\u00e9 de reconduire \u00e0 Roubaix son label \u00ab 4 fleurs \u00bb, distinction saluant la continuit\u00e9 des actions men\u00e9es en faveur du fleurissement, de la biodiversit\u00e9 et de la participation citoyenne.<\/p>\n<p>Roubaix vient de voir reconduire son label \u00ab 4 fleurs \u00bb, la plus haute distinction attribu\u00e9e par le Conseil national des villes et villages fleuris. Le jury national, \u00e0 l\u2019issue de sa visite en juillet 2025, a reconnu la qualit\u00e9 de la gestion du cadre de vie et des espaces verts men\u00e9e sur le territoire. Le maintien du label \u00ab 4 fleurs \u00bb t\u00e9moigne de la continuit\u00e9 des actions engag\u00e9es pour conjuguer biodiversit\u00e9, cadre de vie et d\u00e9veloppement urbain durable.<\/p>\n<p>Le jury a notamment salu\u00e9 la coh\u00e9rence du fleurissement urbain, la place donn\u00e9e aux essences locales, ainsi que la d\u00e9marche de v\u00e9g\u00e9talisation engag\u00e9e dans diff\u00e9rents quartiers, \u00e0 l\u2019image des fa\u00e7ades de la rue d\u2019Inkermann ou des initiatives citoyennes telles que \u00ab <a href=\"https:\/\/www.roubaixxl.fr\/fleurir-les-facades-avec-des-totems-verts\/\" target=\"_blank\" rel=\"noopener\">Totems verts <\/a>\u00bb et \u00ab Fleurissons notre quartier \u00bb.<\/p>\n<p>La strat\u00e9gie roubaisienne en mati\u00e8re d\u2019alimentation durable, port\u00e9e par <a href=\"https:\/\/www.roubaixxl.fr\/infographie-roubaix-ville-nourriciere\/\" target=\"_blank\" rel=\"noopener\">le programme \u00ab Ville nourrici\u00e8re \u00bb<\/a>, a \u00e9galement \u00e9t\u00e9 soulign\u00e9e, tout comme la gestion diff\u00e9renci\u00e9e des espaces verts, les actions de sensibilisation au tri et la replantation de houblon sur le rond-point du Sartel.<\/p>\n","protected":false},"excerpt":{"rendered":"Le jury national des Villes et Villages fleuris a d\u00e9cid\u00e9 de reconduire \u00e0 Roubaix son label \u00ab 4&hellip;\n","protected":false},"author":2,"featured_media":532956,"comment_status":"","ping_status":"","sticky":false,"template":"","format":"standard","meta":{"footnotes":""},"categories":[2815],"tags":[65266,1111,11,1777,674,13541,1011,27,811,35110,1307,12,25],"class_list":{"0":"post-532955","1":"post","2":"type-post","3":"status-publish","4":"format-standard","5":"has-post-thumbnail","7":"category-lille","8":"tag-4-fleurs","9":"tag-actu","10":"tag-actualites","11":"tag-eu","12":"tag-europe","13":"tag-fleurissement","14":"tag-fr","15":"tag-france","16":"tag-hauts-de-france","17":"tag-label","18":"tag-lille","19":"tag-news","20":"tag-republique-francaise"},"share_on_mastodon":{"url":"https:\/\/pubeurope.com\/@fr\/115546407919244004","error":""},"_links":{"self":[{"href":"https:\/\/www.europesays.com\/fr\/wp-json\/wp\/v2\/posts\/532955","targetHints":{"allow":["GET"]}}],"collection":[{"href":"https:\/\/www.europesays.com\/fr\/wp-json\/wp\/v2\/posts"}],"about":[{"href":"https:\/\/www.europesays.com\/fr\/wp-json\/wp\/v2\/types\/post"}],"author":[{"embeddable":true,"href":"https:\/\/www.europesays.com\/fr\/wp-json\/wp\/v2\/users\/2"}],"replies":[{"embeddable":true,"href":"https:\/\/www.europesays.com\/fr\/wp-json\/wp\/v2\/comments?post=532955"}],"version-history":[{"count":0,"href":"https:\/\/www.europesays.com\/fr\/wp-json\/wp\/v2\/posts\/532955\/revisions"}],"wp:featuredmedia":[{"embeddable":true,"href":"https:\/\/www.europesays.com\/fr\/wp-json\/wp\/v2\/media\/532956"}],"wp:attachment":[{"href":"https:\/\/www.europesays.com\/fr\/wp-json\/wp\/v2\/media?parent=532955"}],"wp:term":[{"taxonomy":"category","embeddable":true,"href":"https:\/\/www.europesays.com\/fr\/wp-json\/wp\/v2\/categories?post=532955"},{"taxonomy":"post_tag","embeddable":true,"href":"https:\/\/www.europesays.com\/fr\/wp-json\/wp\/v2\/tags?post=532955"}],"curies":[{"name":"wp","href":"https:\/\/api.w.org\/{rel}","templated":true}]}}