{"id":532967,"date":"2025-11-14T05:38:24","date_gmt":"2025-11-14T05:38:24","guid":{"rendered":"https:\/\/www.europesays.com\/fr\/532967\/"},"modified":"2025-11-14T05:38:24","modified_gmt":"2025-11-14T05:38:24","slug":"meme-a-linterieur-cest-insupportable-dans-et-autour-de-paris-le-bruit-au-quotidien-pres-des-lignes-de-train","status":"publish","type":"post","link":"https:\/\/www.europesays.com\/fr\/532967\/","title":{"rendered":"\u00ab\u00a0M\u00eame \u00e0 l\u2019int\u00e9rieur, c\u2019est insupportable\u00a0\u00bb\u00a0: dans et autour de Paris, le bruit au quotidien pr\u00e8s des lignes de train"},"content":{"rendered":"<p class=\"paragraph text_align_left lp-f-body-02\">Comme elle, plusieurs <a href=\"https:\/\/www.leparisien.fr\/info-paris-ile-de-france-oise\/transports\/grand-paris-ligne-par-ligne-on-a-mesure-le-bruit-dans-le-metro-et-le-rer-16-01-2024-LLZWMWR5DZBMJERARRJEEDR4MM.php\" target=\"_self\" rel=\"noopener\">dizaines de milliers de Franciliens sont touch\u00e9s<\/a>. L\u2019observatoire Bruitparif estime leur nombre \u00e0 39 000. Mais selon le seuil retenu par l\u2019Organisation mondiale de la sant\u00e9 (OMS), beaucoup plus bas (53 dB pour l\u2019OMS, contre un \u00e9ventail de 65 \u00e0 73 dB pour Bruitparif), ils seraient\u2026 un million. D\u2019apr\u00e8s les donn\u00e9es collect\u00e9es par notre service data, on aurait ainsi 300 000 Parisiens vivant dans un rayon de 100 m autour du rail en surface, plus de 200 000 dans les Hauts-de-Seine et autant en Seine-Saint-Denis. <a href=\"https:\/\/www.leparisien.fr\/essonne-91\/freins-stridents-coups-de-klaxon-en-essonne-cest-infernal-pour-les-riverains-de-latelier-du-t12-08-09-2025-U6PO5FTMNZH5ZNN7ZMADP6W4YA.php\" target=\"_self\" rel=\"noopener\">En grande couronne<\/a>, plus de 100 000 habitants seraient concern\u00e9s dans chacun des d\u00e9partements.<\/p>\n","protected":false},"excerpt":{"rendered":"Comme elle, plusieurs dizaines de milliers de Franciliens sont touch\u00e9s. L\u2019observatoire Bruitparif estime leur nombre \u00e0 39 000.&hellip;\n","protected":false},"author":2,"featured_media":532968,"comment_status":"","ping_status":"","sticky":false,"template":"","format":"standard","meta":{"footnotes":""},"categories":[1592],"tags":[1111,11,1777,674,1011,27,662,1944,12,626,25,104,2382],"class_list":{"0":"post-532967","1":"post","2":"type-post","3":"status-publish","4":"format-standard","5":"has-post-thumbnail","7":"category-ile-de-france","8":"tag-actu","9":"tag-actualites","10":"tag-eu","11":"tag-europe","12":"tag-fr","13":"tag-france","14":"tag-ile-de-france","15":"tag-ma-ville","16":"tag-news","17":"tag-paris","18":"tag-republique-francaise","19":"tag-societe","20":"tag-transport-idf-oise"},"share_on_mastodon":{"url":"https:\/\/pubeurope.com\/@fr\/115546443229628232","error":""},"_links":{"self":[{"href":"https:\/\/www.europesays.com\/fr\/wp-json\/wp\/v2\/posts\/532967","targetHints":{"allow":["GET"]}}],"collection":[{"href":"https:\/\/www.europesays.com\/fr\/wp-json\/wp\/v2\/posts"}],"about":[{"href":"https:\/\/www.europesays.com\/fr\/wp-json\/wp\/v2\/types\/post"}],"author":[{"embeddable":true,"href":"https:\/\/www.europesays.com\/fr\/wp-json\/wp\/v2\/users\/2"}],"replies":[{"embeddable":true,"href":"https:\/\/www.europesays.com\/fr\/wp-json\/wp\/v2\/comments?post=532967"}],"version-history":[{"count":0,"href":"https:\/\/www.europesays.com\/fr\/wp-json\/wp\/v2\/posts\/532967\/revisions"}],"wp:featuredmedia":[{"embeddable":true,"href":"https:\/\/www.europesays.com\/fr\/wp-json\/wp\/v2\/media\/532968"}],"wp:attachment":[{"href":"https:\/\/www.europesays.com\/fr\/wp-json\/wp\/v2\/media?parent=532967"}],"wp:term":[{"taxonomy":"category","embeddable":true,"href":"https:\/\/www.europesays.com\/fr\/wp-json\/wp\/v2\/categories?post=532967"},{"taxonomy":"post_tag","embeddable":true,"href":"https:\/\/www.europesays.com\/fr\/wp-json\/wp\/v2\/tags?post=532967"}],"curies":[{"name":"wp","href":"https:\/\/api.w.org\/{rel}","templated":true}]}}