{"id":53297,"date":"2025-04-26T02:39:09","date_gmt":"2025-04-26T02:39:09","guid":{"rendered":"https:\/\/www.europesays.com\/fr\/53297\/"},"modified":"2025-04-26T02:39:09","modified_gmt":"2025-04-26T02:39:09","slug":"on-reconnait-une-bonne-formation-au-nombre-de-noirs-et-darabes-a-rouen-un-professeur-duniversite-accuse-de-racisme-apres-la-tentative-de-suicide-de-l","status":"publish","type":"post","link":"https:\/\/www.europesays.com\/fr\/53297\/","title":{"rendered":"\u00ab\u00a0On reconna\u00eet une bonne formation au nombre de Noirs et d\u2019Arabes\u00a0\u00bb\u00a0: \u00e0 Rouen, un professeur d\u2019universit\u00e9 accus\u00e9 de racisme apr\u00e8s la tentative de suicide de l\u2019un de ses \u00e9tudiants"},"content":{"rendered":"<p>Il aura donc fallu le geste d\u00e9sesp\u00e9r\u00e9 d\u2019un \u00e9tudiant cibl\u00e9 par des propos racistes d\u2019un professeur pour mettre un terme \u00e0 une forme d\u2019omerta qui r\u00e9gnait \u00e0 l\u2019universit\u00e9 de Rouen-Normandie (URN). Le 12\u00a0mars, un \u00e9tudiant de 29\u00a0ans d\u2019origine africaine, a tent\u00e9 de mettre fin \u00e0 ses jours en se jetant d\u2019une passerelle surplombant le hall du campus Pasteur de l\u2019URN. Souffrant de multiples fractures, il est en convalescence. Mais cet \u00e9v\u00e9nement, pour lequel une enqu\u00eate judiciaire est en cours, a provoqu\u00e9 une onde de choc parmi les \u00e9tudiants, les personnels et les enseignants.<\/p>\n<p>Au lendemain du drame, alors que <a href=\"https:\/\/www.humanite.fr\/en-debat\/sciences\/luniversite-francaise-va-t-elle-connaitre-le-meme-sort-que-celle-des-etats-unis\" target=\"_blank\" rel=\"noopener\">la direction de l\u2019universit\u00e9<\/a> se contente d\u2019un communiqu\u00e9 laconique, la stupeur se mue en vive col\u00e8re quand les syndicats \u00e9tudiants ainsi que la CGT et la FSU font le lien entre cette tentative de suicide et la publication, l\u2019avant-veille, dans Paris Normandie d\u2019un droit de r\u00e9ponse, tr\u00e8s insultant pour l\u2019\u00e9tudiant en question, sign\u00e9 de Pierre-Antoine Sprimont, professeur \u00e0 l\u2019Institut d\u2019administration des entreprises (IAE) au sein de l\u2019URN. Alors m\u00eame que ce dernier n\u2019avait pas r\u00e9pondu aux sollicitations des journalistes, en amont de leur r\u00e9v\u00e9lation de la sanction administrative dont il a \u00e9cop\u00e9 pour avoir prof\u00e9r\u00e9 en 2024 des propos injurieux et racistes visant, notamment, l\u2019\u00e9tudiant qui a attent\u00e9 \u00e0 ses jours.<\/p>\n<p>Des contr\u00f4les renforc\u00e9s<\/p>\n<p>\u00ab\u00a0C\u2019est incroyable que nous apprenions cette sanction par la presse\u00a0\u00bb, s\u2019insurge Rapha\u00ebl Delage, de l\u2019Unef-RS Rouen. Selon lui, la pr\u00e9sidence de l\u2019universit\u00e9 a souhait\u00e9 \u00ab\u00a0\u00e9touffer l\u2019affaire\u00a0\u00bb et&#8230;<\/p>\n","protected":false},"excerpt":{"rendered":"Il aura donc fallu le geste d\u00e9sesp\u00e9r\u00e9 d\u2019un \u00e9tudiant cibl\u00e9 par des propos racistes d\u2019un professeur pour mettre&hellip;\n","protected":false},"author":2,"featured_media":53298,"comment_status":"","ping_status":"","sticky":false,"template":"","format":"standard","meta":{"footnotes":""},"categories":[9587],"tags":[1111,11,14711,1271,1777,674,1011,27,14712,12,5161,10162,25,9590,14713],"class_list":{"0":"post-53297","1":"post","2":"type-post","3":"status-publish","4":"format-standard","5":"has-post-thumbnail","7":"category-rouen","8":"tag-actu","9":"tag-actualites","10":"tag-antiracisme","11":"tag-cgt","12":"tag-eu","13":"tag-europe","14":"tag-fr","15":"tag-france","16":"tag-fsu","17":"tag-news","18":"tag-normandie","19":"tag-racisme","20":"tag-republique-francaise","21":"tag-rouen","22":"tag-universitu00e9"},"share_on_mastodon":{"url":"https:\/\/pubeurope.com\/@fr\/114401952638798228","error":""},"_links":{"self":[{"href":"https:\/\/www.europesays.com\/fr\/wp-json\/wp\/v2\/posts\/53297","targetHints":{"allow":["GET"]}}],"collection":[{"href":"https:\/\/www.europesays.com\/fr\/wp-json\/wp\/v2\/posts"}],"about":[{"href":"https:\/\/www.europesays.com\/fr\/wp-json\/wp\/v2\/types\/post"}],"author":[{"embeddable":true,"href":"https:\/\/www.europesays.com\/fr\/wp-json\/wp\/v2\/users\/2"}],"replies":[{"embeddable":true,"href":"https:\/\/www.europesays.com\/fr\/wp-json\/wp\/v2\/comments?post=53297"}],"version-history":[{"count":0,"href":"https:\/\/www.europesays.com\/fr\/wp-json\/wp\/v2\/posts\/53297\/revisions"}],"wp:featuredmedia":[{"embeddable":true,"href":"https:\/\/www.europesays.com\/fr\/wp-json\/wp\/v2\/media\/53298"}],"wp:attachment":[{"href":"https:\/\/www.europesays.com\/fr\/wp-json\/wp\/v2\/media?parent=53297"}],"wp:term":[{"taxonomy":"category","embeddable":true,"href":"https:\/\/www.europesays.com\/fr\/wp-json\/wp\/v2\/categories?post=53297"},{"taxonomy":"post_tag","embeddable":true,"href":"https:\/\/www.europesays.com\/fr\/wp-json\/wp\/v2\/tags?post=53297"}],"curies":[{"name":"wp","href":"https:\/\/api.w.org\/{rel}","templated":true}]}}