{"id":532971,"date":"2025-11-14T05:40:24","date_gmt":"2025-11-14T05:40:24","guid":{"rendered":"https:\/\/www.europesays.com\/fr\/532971\/"},"modified":"2025-11-14T05:40:24","modified_gmt":"2025-11-14T05:40:24","slug":"thierry-reboul-organisateur-de-la-ceremonie-du-13-novembre-il-fallait-rendre-hommage-a-la-passion-des-victimes","status":"publish","type":"post","link":"https:\/\/www.europesays.com\/fr\/532971\/","title":{"rendered":"Thierry Reboul, organisateur de la c\u00e9r\u00e9monie du 13 Novembre : \u00ab\u00a0Il fallait rendre hommage \u00e0 la passion des victimes\u00a0\u00bb"},"content":{"rendered":"<p class=\"paragraph text_align_left lp-f-body-02\">La ville de Paris lui a donn\u00e9 carte blanche. Thierry Reboul, <a href=\"https:\/\/www.leparisien.fr\/jo-paris-2024\/jo-paris-2024-thomas-jolly-et-thierry-reboul-un-duo-magique-a-lorigine-dune-ceremonie-de-reve-26-07-2024-ONULLKHIZBH2JA4WFSQB74A5WQ.php\" target=\"_self\" rel=\"nofollow noopener\">ancien directeur de la cr\u00e9ation des JO de Paris 2024<\/a>, nous a racont\u00e9 comment il avait pr\u00e9par\u00e9 la c\u00e9r\u00e9monie de comm\u00e9moration organis\u00e9e pour les dix ans des <a href=\"https:\/\/www.leparisien.fr\/faits-divers\/attentats-du-13-novembre-2015\/\" target=\"_blank\" rel=\"noreferrer nofollow noopener\">attentats du 13 novembre 2015<\/a>, qui <a href=\"https:\/\/www.leparisien.fr\/paris-75\/direct-commemorations-des-attentats-du-13-novembre-10-ans-apres-la-france-se-souvient-et-se-recueille-13-11-2025-BSXPGVK44RFIBDEC7ES26OPLTI.php\" target=\"_blank\" rel=\"noreferrer nofollow noopener\">s\u2019est d\u00e9roul\u00e9e ce jeudi, place Saint-Gervais<\/a> (IVe), au Jardin du souvenir, en hommage aux victimes de l\u2019attaque terroriste, un moment retransmis en direct sur TF1 et France 2.<\/p>\n<p class=\"paragraph text_align_left lp-f-body-02\"><b>Comment avez-vous imagin\u00e9 le d\u00e9roul\u00e9 de cette c\u00e9r\u00e9monie<\/b> <b>?<\/b><\/p>\n<p class=\"paragraph text_align_left lp-f-body-02\"><b>THIERRY REBOUL.<\/b> Je suis convaincu que cet \u00e9v\u00e9nement est f\u00e9d\u00e9rateur et doit porter du sens et un message pour tous, celui des valeurs r\u00e9publicaines. Je suis obs\u00e9d\u00e9 par la diff\u00e9rence, par le fait de faire des choses uniques, mais il faut les faire au service de quelque chose, sinon c\u2019est gratuit et sans beaucoup d\u2019int\u00e9r\u00eat. Il y avait la volont\u00e9 de refaire nation, Dieu sait qu\u2019on en a besoin. Et celle de d\u00e9livrer un message de la mani\u00e8re la plus forte et la plus ambitieuse possible. On est aux deux oppos\u00e9s \u00e9motionnels avec les Jeux olympiques, mais on pouvait tirer ce fil du sens qui peut les relier, celui des valeurs r\u00e9publicaines. Ici, la mission, c\u2019est de rendre hommage, tirer des le\u00e7ons autour d\u2019\u00e9l\u00e9ments qui doivent nous unir pour r\u00e9sister.<\/p>\n<p><img decoding=\"async\" class=\"image \" loading=\"lazy\" src=\"https:\/\/www.europesays.com\/fr\/wp-content\/uploads\/2025\/11\/B7QXRKYHNFAA3JLS7RKKFDZ3HQ.jpg\" alt=\"\u00abOn voulait faire des choses originales, mais au service d\u2019une \u00e9motion, d\u2019une mission qu\u2019on m\u2019a donn\u00e9e, qui \u00e9tait que les Fran\u00e7ais repartagent ce moment\u00bb, explique Thierry Reboul, ici en juin 2024. LP\/Olivier Arandel\" align=\"\" data-rubrique-principale=\"\" data-article-type=\"\" fetchpriority=\"auto\"\/>\u00abOn voulait faire des choses originales, mais au service d\u2019une \u00e9motion, d\u2019une mission qu\u2019on m\u2019a donn\u00e9e, qui \u00e9tait que les Fran\u00e7ais repartagent ce moment\u00bb, explique Thierry Reboul, ici en juin 2024. LP\/Olivier Arandel <\/p>\n<p class=\"paragraph text_align_left lp-f-body-02\"><b>Vous avez pr\u00e9par\u00e9 cet hommage main dans la main avec les associations de victimes.<\/b><\/p>\n<p class=\"paragraph text_align_left lp-f-body-02\">Ce sont des gens tr\u00e8s sens\u00e9s et intelligents, qui ont une culture musicale incroyable, pour certains \u00e9minemment sup\u00e9rieure \u00e0 la mienne, c\u2019est pour cela que j\u2019ai emmen\u00e9 <a href=\"https:\/\/www.leparisien.fr\/sports\/les-jeux-ont-ete-un-accelerateur-de-vie-victor-le-masne-quelques-notes-de-musique-pour-leternite-28-07-2025-MW5QIUQRYNDRDBKDU4VEUYCONU.php\" target=\"_blank\" rel=\"noreferrer nofollow noopener\">Victor Le Masne<\/a> dans cette aventure (directeur musical de l\u2019hommage et qui a <a href=\"https:\/\/www.leparisien.fr\/culture-loisirs\/10-ans-du-13-novembre-un-grand-hommage-musical-un-requiem-de-victor-le-masnece-qui-est-prevu-a-paris-17-10-2025-A2HG7RI5C5H3BLUQ6XEXBPPVBU.php\" target=\"_blank\" rel=\"noreferrer nofollow noopener\">compos\u00e9 un requiem<\/a> pour cet anniversaire). La culture rock, je peux en parler un peu. Il y a eu des demandes de leur part, mais aussi une grande libert\u00e9. On s\u2019est tr\u00e8s vite sentis en confiance. On a beaucoup discut\u00e9, avec bienveillance, ce qui a permis, je pense, de tirer l\u2019ensemble vers le haut. Il y a eu des propositions saugrenues et on a fait ensemble le tri.<\/p>\n<p class=\"paragraph text_align_left lp-f-body-02\"><b>Jesse Hughes, ACDC, Jarvis Cocker\u2026 C\u2019\u00e9tait une c\u00e9r\u00e9monie tr\u00e8s rock ! Pourquoi ce choix ?<\/b><\/p>\n<p class=\"paragraph text_align_left lp-f-body-02\">J\u2019\u00e9tais persuad\u00e9 d\u00e8s le d\u00e9but que le fil directeur ne pouvait se trouver que dans les passions de ceux qui nous ont quitt\u00e9s, des victimes en g\u00e9n\u00e9ral. Je crois profond\u00e9ment que la musique, un certain type de musique plus pr\u00e9cis\u00e9ment, a \u00e9t\u00e9 leur perte, mais surtout leur passion, et que c\u2019est \u00e0 \u00e7a qu\u2019il fallait rendre hommage. On pense au Bataclan, bien s\u00fbr, mais le Stade de France, on y va aussi pour chanter. Et sur les terrasses, dans les bars, on y va pour entendre de la musique. Il y avait une grande coh\u00e9rence. Il fallait ensuite trouver des artistes et des textes qui disent quelque chose de cet hommage. D\u2019habitude, on pense plut\u00f4t au violon ou au chant lyrique. L\u00e0, on a opt\u00e9 plut\u00f4t pour la guitare \u00e9lectrique. Comme un symbole. C\u2019est un instrument qui a une puissance \u00e9motionnelle extr\u00eamement forte.<\/p>\n<p>\u00ab\u00a0Il fallait quelque chose d\u2019ambitieux, mais le principal danger, c\u2019\u00e9tait d\u2019\u00eatre \u00e0 c\u00f4t\u00e9 de la plaque\u00a0\u00bb<\/p>\n<p>Thierry Reboul, organisateur de la c\u00e9r\u00e9monie des dix ans du 13 Novembre<\/p>\n<p class=\"paragraph text_align_left lp-f-body-02\"><b>Et il y a cette chorale, le Ch\u0153ur du 13, n\u00e9e pour cette occasion.<\/b><\/p>\n<p class=\"paragraph text_align_left lp-f-body-02\">Parmi les id\u00e9es de d\u00e9part, les associations ont tout de suite propos\u00e9 de chanter. Ma premi\u00e8re r\u00e9action a \u00e9t\u00e9 n\u00e9gative, ce qui est assez b\u00eate. Quand on cherche \u00e0 faire des choses de la mani\u00e8re la plus professionnelle possible, on se m\u00e9fie un peu de l\u2019amateurisme. Finalement, je me suis dit, \u00ab mais non, avec cette chorale, la valeur \u00e9motionnelle et de sens, elle est tellement forte \u00bb ! Mais si on y allait, il fallait aller au bout de la logique, les aider, les encadrer avec toute une \u00e9quipe de chefs de chorale. Ils sont une quarantaine de personnes d\u2019horizons et d\u2019\u00e2ges divers. Ils ont r\u00e9p\u00e9t\u00e9. Ils l\u2019ont fait avec beaucoup de s\u00e9rieux et d\u2019envie, de passion. Alors \u00e0 la fin, on s\u2019est dit \u00ab non seulement on va les laisser chanter, mais <a href=\"https:\/\/www.leparisien.fr\/culture-loisirs\/musique\/13-novembre-un-album-des-commemorations-sera-mis-en-ligne-jeudi-soir-12-11-2025-QKYNQEMHYFCIRB7OZNOWCXBB4U.php\" target=\"_self\" rel=\"nofollow noopener\">on va les mettre au centre de cette comm\u00e9moration<\/a> \u00bb. Ils en sont les artistes principaux.<\/p>\n<p class=\"paragraph text_align_left lp-f-body-02\"><b>Quelle a \u00e9t\u00e9 la principale difficult\u00e9 ?<\/b><\/p>\n<p class=\"paragraph text_align_left lp-f-body-02\">On voulait faire des choses originales, mais au service d\u2019une \u00e9motion, d\u2019une mission qu\u2019on m\u2019a donn\u00e9e, qui \u00e9tait que les Fran\u00e7ais repartagent ce moment. Les associations me l\u2019on dit : \u00ab On sent que le temps fait son \u0153uvre, que l\u2019oubli guette \u00bb. Il fallait quelque chose d\u2019ambitieux, mais le principal danger, c\u2019\u00e9tait d\u2019\u00eatre \u00e0 c\u00f4t\u00e9 de la plaque. Je me suis servi d\u2019<a href=\"https:\/\/www.leparisien.fr\/faits-divers\/dix-ans-du-13-novembre-arthur-denouveaux-le-survivant-qui-voulait-prendre-sa-retraite-de-victime-13-11-2025-Y4ZSDWJ2PBDSJFIYIYHM6OIZRQ.php\" target=\"_blank\" rel=\"noreferrer nofollow noopener\">Arthur D\u00e9nouveaux <\/a>(rescap\u00e9 du Bataclan et pr\u00e9sident de l\u2019association Life for Paris) comme d\u2019un testeur, pour savoir si c\u2019\u00e9tait trop, pas juste, si \u00e7a pouvait heurter les sensibilit\u00e9s des familles et des proches. \u00c7a m\u2019a \u00e9t\u00e9 incroyablement utile. La sortie de route, sur un sujet comme \u00e7a, elle arrive vite. C\u2019est \u00e7a le plus difficile. Surtout dans les choses que moi, j\u2019essaie de faire. On aurait pu faire juste des discours, un violon. Mais qu\u2019est-ce qu\u2019on aurait rempli comme mission en faisant \u00e7a ? Moi, j\u2019aurais eu l\u2019impression de ne pas en faire assez. De ce fait, le risque augmente.<\/p>\n<p class=\"paragraph text_align_left lp-f-body-02\"><b>Votre objectif avec une telle c\u00e9r\u00e9monie, c\u2019est de f\u00e9d\u00e9rer les Fran\u00e7ais ?<\/b><\/p>\n<p class=\"paragraph text_align_left lp-f-body-02\">J\u2019aimerais bien. Il y a peu d\u2019occasions qui nous permettent de faire nation, il faut absolument les saisir, surtout en ce moment, et surtout quand elles sont justes. Qu\u2019elles ont du sens. Je suis obs\u00e9d\u00e9 par le fait de dire \u00e0 quel point ces valeurs r\u00e9publicaines sont importantes, justes et fortes, \u00e0 quel point elles doivent forc\u00e9ment nous rassembler. Et qu\u2019il y a des moments pour le dire o\u00f9 il y a une chance non n\u00e9gligeable que \u00e7a fasse l\u2019unanimit\u00e9. Je n\u2019imagine pas qu\u2019on ne se retrouve pas tous dans cet hommage et dans la volont\u00e9 de faire hommage.<\/p>\n","protected":false},"excerpt":{"rendered":"La ville de Paris lui a donn\u00e9 carte blanche. Thierry Reboul, ancien directeur de la cr\u00e9ation des JO&hellip;\n","protected":false},"author":2,"featured_media":532972,"comment_status":"","ping_status":"","sticky":false,"template":"","format":"standard","meta":{"footnotes":""},"categories":[1888],"tags":[1111,1928,11,1927,872,1777,674,1011,27,873,12,1926,626,1925,25],"class_list":{"0":"post-532971","1":"post","2":"type-post","3":"status-publish","4":"format-standard","5":"has-post-thumbnail","7":"category-paris","8":"tag-actu","9":"tag-actu-paris","10":"tag-actualites","11":"tag-actualites-paris","12":"tag-culture-et-loisirs","13":"tag-eu","14":"tag-europe","15":"tag-fr","16":"tag-france","17":"tag-musique","18":"tag-news","19":"tag-news-paris","20":"tag-paris","21":"tag-paris-news","22":"tag-republique-francaise"},"share_on_mastodon":{"url":"https:\/\/pubeurope.com\/@fr\/115546451206137335","error":""},"_links":{"self":[{"href":"https:\/\/www.europesays.com\/fr\/wp-json\/wp\/v2\/posts\/532971","targetHints":{"allow":["GET"]}}],"collection":[{"href":"https:\/\/www.europesays.com\/fr\/wp-json\/wp\/v2\/posts"}],"about":[{"href":"https:\/\/www.europesays.com\/fr\/wp-json\/wp\/v2\/types\/post"}],"author":[{"embeddable":true,"href":"https:\/\/www.europesays.com\/fr\/wp-json\/wp\/v2\/users\/2"}],"replies":[{"embeddable":true,"href":"https:\/\/www.europesays.com\/fr\/wp-json\/wp\/v2\/comments?post=532971"}],"version-history":[{"count":0,"href":"https:\/\/www.europesays.com\/fr\/wp-json\/wp\/v2\/posts\/532971\/revisions"}],"wp:featuredmedia":[{"embeddable":true,"href":"https:\/\/www.europesays.com\/fr\/wp-json\/wp\/v2\/media\/532972"}],"wp:attachment":[{"href":"https:\/\/www.europesays.com\/fr\/wp-json\/wp\/v2\/media?parent=532971"}],"wp:term":[{"taxonomy":"category","embeddable":true,"href":"https:\/\/www.europesays.com\/fr\/wp-json\/wp\/v2\/categories?post=532971"},{"taxonomy":"post_tag","embeddable":true,"href":"https:\/\/www.europesays.com\/fr\/wp-json\/wp\/v2\/tags?post=532971"}],"curies":[{"name":"wp","href":"https:\/\/api.w.org\/{rel}","templated":true}]}}