{"id":532977,"date":"2025-11-14T05:43:16","date_gmt":"2025-11-14T05:43:16","guid":{"rendered":"https:\/\/www.europesays.com\/fr\/532977\/"},"modified":"2025-11-14T05:43:16","modified_gmt":"2025-11-14T05:43:16","slug":"ingerences-russes-ia-algorithmes-leurope-deploie-son-bouclier-democratique","status":"publish","type":"post","link":"https:\/\/www.europesays.com\/fr\/532977\/","title":{"rendered":"Ing\u00e9rences russes, IA, algorithmes\u00a0: l\u2019Europe d\u00e9ploie son bouclier d\u00e9mocratique"},"content":{"rendered":"<p>\n                                                                    l&rsquo;essentiel<br \/>\n                                                                Face aux ing\u00e9rences \u00e9trang\u00e8res, \u00e0 la d\u00e9sinformation en ligne et \u00e0 la fragilisation du d\u00e9bat public, l\u2019Union europ\u00e9enne d\u00e9voile son \u00ab\u00a0Bouclier europ\u00e9en de la d\u00e9mocratie\u00a0\u00bb. Articul\u00e9e autour d\u2019un centre d\u00e9di\u00e9 \u00e0 la r\u00e9silience d\u00e9mocratique et d\u2019un arsenal pour encadrer les plateformes, cette strat\u00e9gie entend prot\u00e9ger les institutions tout en renfor\u00e7ant la participation citoyenne.\n                            <\/p>\n<p>Alors qu\u2019Emmanuel a appel\u00e9, mercredi au si\u00e8ge de La D\u00e9p\u00eache du Midi, \u00e0 \u00ab\u00a0sonner le tocsin\u00a0\u00bb contre les r\u00e9seaux sociaux et leurs algorithmes qui minent les d\u00e9mocraties et sont utilis\u00e9s lors de certaines op\u00e9rations d\u2019influences \u00e9trang\u00e8res, l\u2019Union europ\u00e9enne agit aussi. Face aux offensives informationnelles et au recul de la confiance civique, elle tente de b\u00e2tir un rempart d\u00e9mocratique \u00e0 la hauteur des menaces.<\/p>\n<p>Le \u00ab\u00a0European Democracy Shield\u00a0\u00bb (Bouclier europ\u00e9en de la d\u00e9mocratie), pr\u00e9sent\u00e9 par la Commission et le Haut Repr\u00e9sentant, se veut justement cette architecture\u00a0: un dispositif pens\u00e9 pour prot\u00e9ger les institutions, assainir l\u2019espace public et r\u00e9ancrer les citoyens au c\u0153ur du projet europ\u00e9en.<\/p>\n<p>L\u2019initiative part du constat lucide que la d\u00e9mocratie europ\u00e9enne est fragilis\u00e9e. Multiplication des ing\u00e9rences russes, mont\u00e9e des extr\u00e9mismes, vuln\u00e9rabilit\u00e9 du d\u00e9bat public aux manipulations num\u00e9riques, transformations rapides induites par l\u2019IA\u2026 Autant de dynamiques qui minent la capacit\u00e9 collective \u00e0 d\u00e9battre, d\u00e9lib\u00e9rer, d\u00e9cider.<\/p>\n<p>Strat\u00e9gie globale m\u00ealant pr\u00e9vention, protection et participation<\/p>\n<p>D\u2019o\u00f9 l\u2019ambition d\u2019une strat\u00e9gie globale, m\u00ealant pr\u00e9vention, protection et participation. Sa pierre angulaire sera un Centre europ\u00e9en pour la r\u00e9silience d\u00e9mocratique, charg\u00e9 de coordonner les \u00c9tats membres, d\u2019anticiper les menaces et d\u2019alerter en cas d\u2019op\u00e9rations de d\u00e9sinformation. Ce hub doit devenir la passerelle entre institutions, chercheurs, ONG et m\u00e9dias, afin d\u2019unifier des efforts jusqu\u2019ici dispers\u00e9s. Le second pilier vise l\u2019int\u00e9grit\u00e9 de l\u2019information\u00a0: protocole de crise DSA, encadrement des plateformes, d\u00e9tection des deepfakes, extension d\u2019EDMO, r\u00e9seau europ\u00e9en de fact-checkers. Un arsenal destin\u00e9 \u00e0 s\u00e9curiser un espace public satur\u00e9 d\u2019algorithmes et de contenus manipul\u00e9s.<\/p>\n<p>La strat\u00e9gie touche \u00e9galement les institutions d\u00e9mocratiques, en renfor\u00e7ant la cybers\u00e9curit\u00e9 \u00e9lectorale, la transparence de la publicit\u00e9 politique et la coop\u00e9ration au sein du r\u00e9seau ECNE. Et, plus en profondeur, elle entend r\u00e9habiliter la participation citoyenne\u00a0: \u00e9ducation civique, litt\u00e9ratie m\u00e9diatique, civic tech, initiatives locales pour recr\u00e9er du lien.<\/p>\n<p>\u00ab\u00a0L\u2019Union europ\u00e9enne doit relever les d\u00e9fis croissants que repr\u00e9sentent les ing\u00e9rences malveillantes\u00a0\u00bb<\/p>\n<p>\u00ab\u00a0Aujourd\u2019hui plus que jamais, l\u2019Union europ\u00e9enne doit relever les d\u00e9fis croissants que repr\u00e9sentent les ing\u00e9rences malveillantes pour les processus d\u00e9mocratiques et renforcer la r\u00e9silience de la soci\u00e9t\u00e9 et des institutions. C\u2019est pourquoi je me r\u00e9jouis de la publication, enfin, de la communication tr\u00e8s attendue de la Commission sur le Bouclier europ\u00e9en de la d\u00e9mocratie\u00a0\u00bb, a r\u00e9agi l\u2019eurod\u00e9put\u00e9e (Renew) Nathalie Loiseau, pr\u00e9sidente du Comit\u00e9 sp\u00e9cial sur le Bouclier europ\u00e9en de la d\u00e9mocratie (EUDS).<\/p>\n<p>\u00ab\u00a0Forte de son large mandat, la commission va maintenant entamer un examen approfondi de cette communication. La premi\u00e8re \u00e9tape consistera \u00e0 accueillir le commissaire Michael McGrath afin qu\u2019il puisse \u00e9changer avec nos membres sur les intentions et le contenu de cette communication. Je suis convaincue que cette communication constitue un premier pas positif et n\u00e9cessaire vers une Union d\u00e9mocratiquement r\u00e9siliente. Le rapport du Parlement europ\u00e9en sur le Bouclier europ\u00e9en de la d\u00e9mocratie viendra s\u2019appuyer sur ces travaux\u00a0\u00bb, rajoute l\u2019ancienne ministre fran\u00e7aise des Affaires europ\u00e9ennes.<\/p>\n<p>Michael McGrath, commissaire charg\u00e9 de la D\u00e9mocratie, de la Justice, de l\u2019\u00c9tat de droit et de la protection des consommateurs, pr\u00e9sentera le plan et en discutera avec les d\u00e9put\u00e9s europ\u00e9ens au sein de la commission sp\u00e9ciale EUDS lundi 24\u00a0novembre.<\/p>\n","protected":false},"excerpt":{"rendered":"l&rsquo;essentiel Face aux ing\u00e9rences \u00e9trang\u00e8res, \u00e0 la d\u00e9sinformation en ligne et \u00e0 la fragilisation du d\u00e9bat public, l\u2019Union&hellip;\n","protected":false},"author":2,"featured_media":532978,"comment_status":"","ping_status":"","sticky":false,"template":"","format":"standard","meta":{"footnotes":""},"categories":[1591],"tags":[11,1887,12,1885,1886,132],"class_list":{"0":"post-532977","1":"post","2":"type-post","3":"status-publish","4":"format-standard","5":"has-post-thumbnail","7":"category-russie","8":"tag-actualites","9":"tag-federation-de-russie","10":"tag-news","11":"tag-russia","12":"tag-russian-federation","13":"tag-russie"},"share_on_mastodon":{"url":"https:\/\/pubeurope.com\/@fr\/115546463013974069","error":""},"_links":{"self":[{"href":"https:\/\/www.europesays.com\/fr\/wp-json\/wp\/v2\/posts\/532977","targetHints":{"allow":["GET"]}}],"collection":[{"href":"https:\/\/www.europesays.com\/fr\/wp-json\/wp\/v2\/posts"}],"about":[{"href":"https:\/\/www.europesays.com\/fr\/wp-json\/wp\/v2\/types\/post"}],"author":[{"embeddable":true,"href":"https:\/\/www.europesays.com\/fr\/wp-json\/wp\/v2\/users\/2"}],"replies":[{"embeddable":true,"href":"https:\/\/www.europesays.com\/fr\/wp-json\/wp\/v2\/comments?post=532977"}],"version-history":[{"count":0,"href":"https:\/\/www.europesays.com\/fr\/wp-json\/wp\/v2\/posts\/532977\/revisions"}],"wp:featuredmedia":[{"embeddable":true,"href":"https:\/\/www.europesays.com\/fr\/wp-json\/wp\/v2\/media\/532978"}],"wp:attachment":[{"href":"https:\/\/www.europesays.com\/fr\/wp-json\/wp\/v2\/media?parent=532977"}],"wp:term":[{"taxonomy":"category","embeddable":true,"href":"https:\/\/www.europesays.com\/fr\/wp-json\/wp\/v2\/categories?post=532977"},{"taxonomy":"post_tag","embeddable":true,"href":"https:\/\/www.europesays.com\/fr\/wp-json\/wp\/v2\/tags?post=532977"}],"curies":[{"name":"wp","href":"https:\/\/api.w.org\/{rel}","templated":true}]}}