{"id":533027,"date":"2025-11-14T06:15:17","date_gmt":"2025-11-14T06:15:17","guid":{"rendered":"https:\/\/www.europesays.com\/fr\/533027\/"},"modified":"2025-11-14T06:15:17","modified_gmt":"2025-11-14T06:15:17","slug":"ceremonies-recueillement-et-temoignages-pour-les-dix-ans-des-attentats-13-novembre","status":"publish","type":"post","link":"https:\/\/www.europesays.com\/fr\/533027\/","title":{"rendered":"C\u00e9r\u00e9monies, recueillement et t\u00e9moignages pour les dix ans des attentats 13-Novembre"},"content":{"rendered":"<p>Dix ans apr\u00e8s les <a href=\"https:\/\/www.20minutes.fr\/societe\/attaques-terroristes-paris\/\" target=\"_blank\" class=\"c-link c-link--is-underlined\" rel=\"noopener\">attentats du 13\u00a0novembre 2015<\/a>, la France a rendu un hommage national profond\u00e9ment \u00e9mouvant, marqu\u00e9 par la musique et un recueillement partag\u00e9. Au jardin m\u00e9moriel, les noms des 132 victimes ont r\u00e9sonn\u00e9 tandis que les cloches de Notre-Dame ouvraient la c\u00e9r\u00e9monie. La projection d\u2019une Marianne aux \u00ab\u00a0larmes bleues et rouges\u00a0\u00bb, la version instrumentale de \u00ab\u00a0Hells Bells\u00a0\u00bb d\u2019AC\/DC et le \u00ab\u00a0Requiem des lumi\u00e8res\u00a0\u00bb ont donn\u00e9 le ton, avant que le chanteur des Eagles of Death Metal ne rejoigne le Ch\u0153ur du 13 pour chanter \u00ab\u00a0You\u2019ll Never Walk Alone\u00a0\u00bb. <a href=\"https:\/\/www.20minutes.fr\/politique\/emmanuel-macron\/\" target=\"_blank\" class=\"c-link c-link--is-underlined\" rel=\"noopener\">Emmanuel Macron<\/a> a salu\u00e9 une douleur \u00ab\u00a0insens\u00e9e, injuste, insupportable\u00a0\u00bb et annonc\u00e9 la future remise de la L\u00e9gion d\u2019honneur aux policiers du <a href=\"https:\/\/www.20minutes.fr\/dossier\/bataclan\" target=\"_blank\" class=\"c-link c-link--is-underlined\" rel=\"noopener\">Bataclan<\/a>.<\/p>\n<p>Tout au long de la journ\u00e9e, rescap\u00e9s, proches et responsables politiques ont raviv\u00e9 la m\u00e9moire des lieux touch\u00e9s par les commandos de l\u2019Etat islamique, du <a href=\"https:\/\/www.20minutes.fr\/sport\/stade_de_france\/\" target=\"_blank\" class=\"c-link c-link--is-underlined\" rel=\"noopener\">stade de France<\/a> aux terrasses des Xe et XIe arrondissements, jusqu\u2019au Bataclan. \u00ab\u00a0Paris ne sombre pas\u00a0\u00bb, a rappel\u00e9 Anne Hidalgo, tandis qu\u2019Arthur D\u00e9nouveaux, pr\u00e9sident de l&rsquo;association \u00ab Life for Paris \u00bb, \u00e9voquait \u00ab\u00a0une tuerie perp\u00e9tr\u00e9e par des djihadistes dont beaucoup sont n\u00e9s, comme nous, en France et en Europe\u00a0\u00bb. Au stade de France, la fille de Manuel Dias, l&rsquo;une des premi\u00e8res victimes, a confi\u00e9 que \u00ab\u00a0l\u2019absence est immense\u00a0\u00bb. <a href=\"https:\/\/www.20minutes.fr\/paris\/place-republique\/\" target=\"_blank\" class=\"c-link c-link--is-underlined\" rel=\"noopener\">Place de la R\u00e9publique<\/a>, fleurs, bougies et gerbes ont illustr\u00e9 une m\u00e9moire collective toujours vive.<\/p>\n<p>Retour en images sur les comm\u00e9morations de ce 13\u00a0novembre.<\/p>\n","protected":false},"excerpt":{"rendered":"Dix ans apr\u00e8s les attentats du 13\u00a0novembre 2015, la France a rendu un hommage national profond\u00e9ment \u00e9mouvant, marqu\u00e9&hellip;\n","protected":false},"author":2,"featured_media":533028,"comment_status":"","ping_status":"","sticky":false,"template":"","format":"standard","meta":{"footnotes":""},"categories":[4],"tags":[11,64302,18543,4586,6196,3348,1011,27,662,74,12,626,25,14478,1254,9418,809],"class_list":{"0":"post-533027","1":"post","2":"type-post","3":"status-publish","4":"format-standard","5":"has-post-thumbnail","7":"category-france","8":"tag-actualites","9":"tag-attaques-terroristes-a-paris","10":"tag-bataclan","11":"tag-cafe","12":"tag-diaporamas","13":"tag-drame","14":"tag-fr","15":"tag-france","16":"tag-ile-de-france","17":"tag-monde","18":"tag-news","19":"tag-paris","20":"tag-republique-francaise","21":"tag-stade-de-france","22":"tag-terrorisme","23":"tag-victime","24":"tag-violence"},"share_on_mastodon":{"url":"https:\/\/pubeurope.com\/@fr\/115546588760408520","error":""},"_links":{"self":[{"href":"https:\/\/www.europesays.com\/fr\/wp-json\/wp\/v2\/posts\/533027","targetHints":{"allow":["GET"]}}],"collection":[{"href":"https:\/\/www.europesays.com\/fr\/wp-json\/wp\/v2\/posts"}],"about":[{"href":"https:\/\/www.europesays.com\/fr\/wp-json\/wp\/v2\/types\/post"}],"author":[{"embeddable":true,"href":"https:\/\/www.europesays.com\/fr\/wp-json\/wp\/v2\/users\/2"}],"replies":[{"embeddable":true,"href":"https:\/\/www.europesays.com\/fr\/wp-json\/wp\/v2\/comments?post=533027"}],"version-history":[{"count":0,"href":"https:\/\/www.europesays.com\/fr\/wp-json\/wp\/v2\/posts\/533027\/revisions"}],"wp:featuredmedia":[{"embeddable":true,"href":"https:\/\/www.europesays.com\/fr\/wp-json\/wp\/v2\/media\/533028"}],"wp:attachment":[{"href":"https:\/\/www.europesays.com\/fr\/wp-json\/wp\/v2\/media?parent=533027"}],"wp:term":[{"taxonomy":"category","embeddable":true,"href":"https:\/\/www.europesays.com\/fr\/wp-json\/wp\/v2\/categories?post=533027"},{"taxonomy":"post_tag","embeddable":true,"href":"https:\/\/www.europesays.com\/fr\/wp-json\/wp\/v2\/tags?post=533027"}],"curies":[{"name":"wp","href":"https:\/\/api.w.org\/{rel}","templated":true}]}}