{"id":533030,"date":"2025-11-14T06:19:12","date_gmt":"2025-11-14T06:19:12","guid":{"rendered":"https:\/\/www.europesays.com\/fr\/533030\/"},"modified":"2025-11-14T06:19:12","modified_gmt":"2025-11-14T06:19:12","slug":"la-premiere-causerie-itinerante-sur-les-chemins-ruraux-a-trouve-son-public","status":"publish","type":"post","link":"https:\/\/www.europesays.com\/fr\/533030\/","title":{"rendered":"La premi\u00e8re causerie itin\u00e9rante sur les chemins ruraux a trouv\u00e9 son public"},"content":{"rendered":"<p>                    Par<br \/>\n        <strong><br \/>\n            <a href=\"https:\/\/actu.fr\/auteur\/redaction-pa\" title=\"Consulter tous les articles de R\u00e9daction Le Pays d&#039;Auge\" rel=\"nofollow noopener\" target=\"_blank\">R\u00e9daction Le Pays d&rsquo;Auge<\/a><br \/>\n                    <\/strong><\/p>\n<p>        Publi\u00e9 le<\/p>\n<p>            14 nov. 2025 \u00e0 7h00        <\/p>\n<p>Samedi 8\u00a0novembre 2025, une balade originale \u00e9tait anim\u00e9e \u00e0 Saint-\u00c9tienne-la-Thillaye (Calvados) par les membres de l\u2019association Mupa (Musique et patrimoine) sur le chemin rural, r\u00e9cemment r\u00e9habilit\u00e9, du Fenil. \u00ab\u2009On a d\u00e9battu longuement du nom \u00e0 lui donner\u2026\u2009\u00bb, d\u00e9bute Jean-Olivier Gires, pr\u00e9sident de l\u2019association. \u00ab\u2009Conf\u00e9rence d\u00e9ambulante, randonn\u00e9e causerie\u2026 Finalement, nous avons opt\u00e9 pour appeler ce format de balade une causerie itin\u00e9rante.\u2009\u00bb<\/p>\n<p class=\" wall-content\">Direction le chemin, donc, sous un soleil d\u2019automne bienvenu. La vingtaine de participants \u00e9coute avec attention un premier propos sur la diff\u00e9rence entre voie communale et chemin rural. \u00ab\u2009Une voie communale appartient au domaine routier public, soit l\u2019ensemble des biens du domaine public de l\u2019\u00c9tat, des D\u00e9partements et des communes affect\u00e9s aux besoins de la circulation terrestre\u2009\u00bb, pr\u00e9cise Denis Jardel, expert biodiversit\u00e9 de l\u2019association. Le chemin communal est lui aussi affect\u00e9 \u00e0 l\u2019usage du public, mais appartient au domaine priv\u00e9 de la commune. Pour ce qui est de son entretien, \u00ab\u2009les communes n\u2019ont pas l\u2019obligation d\u2019entretenir les chemins ruraux. Contrairement aux voies communales dont l\u2019entretien est une d\u00e9pense obligatoire de la commune\u2009\u00bb, pr\u00e9cise Denis Jardel. \u00ab\u2009La disparition des chemins ruraux s\u2019explique par le manque d\u2019usage, les remembrements successifs, le manque d\u2019entretien et les accaparements par des riverains qui se les approprient\u2026\u2009\u00bb, poursuit-il.<\/p>\n<p class=\" wall-content\">Et c\u2019est l\u00e0 que se positionne l\u2019association Mupa\u2009: afin de r\u00e9habiliter une partie des chemins ruraux de la commune, elle souhaite aller vers une convention d\u2019entretien avec la mairie, qui lui permettrait d\u2019agir plus concr\u00e8tement. Et pour avancer dans la d\u00e9marche et \u00e9tablir son plan de travaux, l\u2019association se base sur des sources fiables puisqu\u2019il s\u2019agit du cadastre, et notamment via le site France cadastre (france-cadastre.fr), un site accessible par tous et gratuit.<\/p>\n<p>De l\u2019histoire \u00e0 l\u2019\u00e9conomie, en passant par la biodiversit\u00e9<\/p>\n<p class=\" wall-content\">Ce rapide expos\u00e9 \u00e9tant fait, le groupe prend le chemin derri\u00e8re la mairie pour une balade dont le kilom\u00e9trage est estim\u00e9 \u00e0 4 unit\u00e9s. Cela para\u00eet peu pour ce qui s\u2019apparente \u00e0 une randonn\u00e9e. Mais la distance n\u2019est pas l\u2019enjeu qui est ailleurs\u2009: enrichir l\u2019itin\u00e9raire de multiples propos allant de la g\u00e9ographie \u00e0 l\u2019\u00e9conomie, de l\u2019histoire \u00e0 la botanique en passant par l\u2019ornithologie ou encore la toponymie. Le tout en se baladant.<\/p>\n<p>Vid\u00e9os : en ce moment sur Actu<\/p>\n<p class=\" wall-content\">On apprend par exemple que le fameux fenil \u00e9tait une grange \u00e0 foin\u2009; que le pic vert et le pic \u00e9peiche ne nichent pas dans le m\u00eame bois et que \u00ab\u2009le grand pic devrait bient\u00f4t pointer son bec dans la commune\u2009\u00bb, expose Thomas Fallon, tr\u00e9sorier de l\u2019association\u2009; que Napol\u00e9on avait commenc\u00e9 \u00e0 cadastrer le territoire fran\u00e7ais d\u00e8s 1812\u2009; que le taxus baccata, plus commun\u00e9ment appel\u00e9 if, est un arbre qui peut \u00eatre toxique mais qui permet de fabriquer un m\u00e9dicament contre le cancer\u2026<\/p>\n<p>    <img   decoding=\"async\" loading=\"lazy\" class=\"size-large\" src=\"https:\/\/www.europesays.com\/fr\/wp-content\/uploads\/2025\/11\/4632ec44d01966a32ec44d0193e32ev-960x640.jpeg\" alt=\"Des participants plein d'entrain...\" width=\"960\" height=\"640\"\/><br \/>\n    Des participants pleins d\u2019entrain\u2026 \u00a9Fr\u00e9d\u00e9ric Nguyen Kim<\/p>\n<p>Votre r\u00e9gion, votre actu !<\/p>\n<p>Recevez chaque jour les infos qui comptent pour vous.<\/p>\n<p>\t<a href=\"https:\/\/actu.fr\/newsletter\" class=\"ac-btn ac-btn--corner ac-btn--medium ac-btn--blue800\" rel=\"nofollow noopener\" target=\"_blank\">S&rsquo;incrire<\/a><\/p>\n<p class=\" wall-content\">Bref, le partage des connaissances est multiple, foisonnant et emporte l\u2019adh\u00e9sion des participants. D\u2019autant qu\u2019anecdotes et pr\u00e9cisions historiques viennent ancrer les diff\u00e9rentes interventions dans la r\u00e9alit\u00e9 locale ou le constat g\u00e9ographique de visu.<\/p>\n<p>Un arbre remarquable\u2026 pas encore marqu\u00e9<\/p>\n<p class=\" wall-content\">Chemin faisant, on longe et m\u00eame on traverse le haras des Alouettes, dont le propri\u00e9taire, Alain Salzman \u2013 ancien d\u00e9tenteur du groupe Marques Avenue \u2013 a m\u00eame fait installer, \u00e0 ses frais, un banc pour les randonneurs. Un banc qui permet d\u2019admirer un ch\u00eane pour lequel les membres de l\u2019association Mupa souhaitent obtenir le label national \u00ab\u2009arbre remarquable\u2009\u00bb, attribu\u00e9 par l\u2019association A.R.B.R.E.S. (Arbres remarquables\u2009: bilan, recherche, \u00e9tudes et sauvegarde).<\/p>\n<p class=\" wall-content\">Majestueux par sa hauteur mais plus encore par sa forme, il est effectivement remarquable\u2026 \u00ab\u2009Je pense que Louis-Philippe a pu le voir\u2009\u00bb, sourit Jean-Olivier Gires, en r\u00e9f\u00e9rence au dernier roi des Fran\u00e7ais (1830-1848).<\/p>\n<p class=\" wall-content\">La richesse des informations distill\u00e9es lors de la ballade en r\u00e9v\u00e8le des aspects qu\u2019on n\u2019a pas imagin\u00e9s dans les premiers m\u00e8tres du chemin. Le tout dans une ambiance rendue conviviale par l\u2019enthousiasme des organisateurs et leur go\u00fbt de la transmission et du partage. Et l\u2019on se dit que des tr\u00e8s jeunes participants pourraient \u00eatre convaincus\u2026 \u00ab\u2009Nous avons un projet de classe verte pour l\u2019ann\u00e9e prochaine\u2009\u00bb, l\u00e2che, \u00e9vasif, le pr\u00e9sident de l\u2019association.<\/p>\n<p>Quelques chiffres<\/p>\n<p>Il existerait en France un r\u00e9seau d&rsquo;environ 425 000\u00a0km de voies communales et 700 000\u00a0km de chemins ruraux. Au cours des quarante derni\u00e8res ann\u00e9es, plus de 250 000\u00a0km de chemins ruraux ont disparu, selon un rapport du Congr\u00e8s national des notaires de 2018. Mais il s&rsquo;agit d&rsquo;estimations, puisque les communes connaissent mal leurs chemins ruraux et que ces donn\u00e9es ne sont pas collect\u00e9es nationalement et tr\u00e8s rarement localement.<\/p>\n<p class=\" wall-content\">Personnalisez votre actualit\u00e9 en ajoutant vos villes et m\u00e9dias en favori avec <a href=\"https:\/\/moncompte.actu.fr\" title=\"D\u00e9couvez Mon Actu\" rel=\"nofollow noopener\" data-trk=\"{&quot;cta&quot;:{&quot;action&quot;:&quot;https:\\\/\\\/moncompte.actu.fr&quot;,&quot;category&quot;:&quot;mon compte&quot;,&quot;from&quot;:&quot;article footer&quot;,&quot;name&quot;:&quot;Mon actu&quot;,&quot;type&quot;:&quot;cta&quot;}}\" target=\"_blank\">Mon Actu<\/a>.<\/p>\n","protected":false},"excerpt":{"rendered":"Par R\u00e9daction Le Pays d&rsquo;Auge Publi\u00e9 le 14 nov. 2025 \u00e0 7h00 Samedi 8\u00a0novembre 2025, une balade originale&hellip;\n","protected":false},"author":2,"featured_media":533031,"comment_status":"","ping_status":"","sticky":false,"template":"","format":"standard","meta":{"footnotes":""},"categories":[9653],"tags":[1111,11,2430,436,1777,674,1011,27,12,2551,25,4001,104],"class_list":{"0":"post-533030","1":"post","2":"type-post","3":"status-publish","4":"format-standard","5":"has-post-thumbnail","7":"category-saint-etienne","8":"tag-actu","9":"tag-actualites","10":"tag-auvergne-rhone-alpes","11":"tag-environnement","12":"tag-eu","13":"tag-europe","14":"tag-fr","15":"tag-france","16":"tag-news","17":"tag-patrimoine","18":"tag-republique-francaise","19":"tag-saint-etienne","20":"tag-societe"},"share_on_mastodon":{"url":"https:\/\/pubeurope.com\/@fr\/115546605310952607","error":""},"_links":{"self":[{"href":"https:\/\/www.europesays.com\/fr\/wp-json\/wp\/v2\/posts\/533030","targetHints":{"allow":["GET"]}}],"collection":[{"href":"https:\/\/www.europesays.com\/fr\/wp-json\/wp\/v2\/posts"}],"about":[{"href":"https:\/\/www.europesays.com\/fr\/wp-json\/wp\/v2\/types\/post"}],"author":[{"embeddable":true,"href":"https:\/\/www.europesays.com\/fr\/wp-json\/wp\/v2\/users\/2"}],"replies":[{"embeddable":true,"href":"https:\/\/www.europesays.com\/fr\/wp-json\/wp\/v2\/comments?post=533030"}],"version-history":[{"count":0,"href":"https:\/\/www.europesays.com\/fr\/wp-json\/wp\/v2\/posts\/533030\/revisions"}],"wp:featuredmedia":[{"embeddable":true,"href":"https:\/\/www.europesays.com\/fr\/wp-json\/wp\/v2\/media\/533031"}],"wp:attachment":[{"href":"https:\/\/www.europesays.com\/fr\/wp-json\/wp\/v2\/media?parent=533030"}],"wp:term":[{"taxonomy":"category","embeddable":true,"href":"https:\/\/www.europesays.com\/fr\/wp-json\/wp\/v2\/categories?post=533030"},{"taxonomy":"post_tag","embeddable":true,"href":"https:\/\/www.europesays.com\/fr\/wp-json\/wp\/v2\/tags?post=533030"}],"curies":[{"name":"wp","href":"https:\/\/api.w.org\/{rel}","templated":true}]}}