{"id":533032,"date":"2025-11-14T06:20:13","date_gmt":"2025-11-14T06:20:13","guid":{"rendered":"https:\/\/www.europesays.com\/fr\/533032\/"},"modified":"2025-11-14T06:20:13","modified_gmt":"2025-11-14T06:20:13","slug":"malzeville-poursuivi-pour-detention-et-diffusion-dimages-pedopornographiques-il-jure-etre-un-justicier","status":"publish","type":"post","link":"https:\/\/www.europesays.com\/fr\/533032\/","title":{"rendered":"Malz\u00e9ville. Poursuivi pour d\u00e9tention et diffusion d\u2019images p\u00e9dopornographiques, il jure \u00eatre un justicier"},"content":{"rendered":"<p>Mal \u00e0 l\u2019aise, il se dandine, joue avec les pressions de son manteau, baisse le regard. Lucas, 30 ans, compara\u00eet pour des faits de d\u00e9tention et de diffusion d\u2019images p\u00e9dopornographiques. C\u2019est le portail officiel d\u2019analyse de contenus illicites <a href=\"https:\/\/www.estrepublicain.fr\/edition-de-besancon\/2017\/03\/21\/170-000-c-est-en-2016-le-nombre-de-signalements-recus-par-la-plateforme-pharos\" target=\"_blank\" rel=\"noopener\">Pharos<\/a> qui a fait le signalement en janvier\u00a02023. Les services comp\u00e9tents ont ensuite pris leur temps, puisque la police nanc\u00e9ienne a proc\u00e9d\u00e9 \u00e0 une perquisition au domicile du pr\u00e9venu \u00e0 Malz\u00e9ville en septembre dernier seulement. Ils ont mis la main sur plusieurs dizaines de vid\u00e9os et de photos mettant en sc\u00e8ne des enfants \u00e2g\u00e9s de 3 \u00e0 12 ans sur un disque dur externe, une cl\u00e9 USB et dans un t\u00e9l\u00e9phone. Des documents insoutenables t\u00e9l\u00e9charg\u00e9s sur le darknet qu\u2019il a lui-m\u00eame partag\u00e9s pour certains.<\/p>\n<p>\u00ab\u00a0C\u2019\u00e9tait pour pr\u00e9venir le g\u00e9rant du site, mais il m\u2019a r\u00e9pondu qu\u2019il ne pouvait rien faire\u00a0\u00bb, bredouille Lucas. \u00c0 voix basse et dans un discours assez incoh\u00e9rent, il explique avoir voulu jouer au justicier, \u00e0 l\u2019exemple de la <a href=\"https:\/\/www.estrepublicain.fr\/culture-loisirs\/2025\/10\/29\/la-peur-doit-changer-de-camp-une-association-qui-lutte-contre-les-cyberpedophiles-sensibilise-les-adolescents\" target=\"_blank\" rel=\"noopener\"> Team Moore<\/a> , soit un collectif de citoyens qui traque les p\u00e9docriminels sur internet. Bien pour \u00e7a aussi qu\u2019il s\u2019est fait passer pour un adolescent de 13 ans sur un site de chat o\u00f9 il a approch\u00e9 au moins un mineur avant de capter une photo de son anatomie\u2026 \u00ab\u00a0Je ne lui ai rien demand\u00e9\u00a0\u00bb, balbutie-t-il \u00e0 la barre.<\/p>\n<p>  \u00ab\u00a0Un demi-aveu en garde \u00e0 vue\u00a0\u00bb<\/p>\n<p>Car non d\u00e9cid\u00e9ment, il n\u2019a aucun go\u00fbt pour ce genre de chose promet-il. Bien incapable pourtant de qualifier de monstrueux les amateurs de ces contenus comme le pr\u00e9sident l\u2019y invite. \u00ab\u00a0Ce sont des gens bizarres\u2026 \u00c7a ne se fait pas\u2026 Mais je ne me permettrais pas de les insulter\u00a0\u00bb, r\u00e9pond-il de fa\u00e7on ambigu\u00eb face \u00e0 l\u2019insistance de C\u00e9lestin Schmitt.<\/p>\n<p>La substitute Claire Marchon essaie \u00e0 son tour de fendre la carapace du jeune homme, mal dans son corps. \u00ab\u00a0C\u2019est difficile, je comprends. Techniquement, c\u2019est du recel de viols sur mineur. Alors compara\u00eetre pour ces faits, en audience publique, devant votre m\u00e8re, c\u2019est honteux\u2026 Mais en garde \u00e0 vue, vous aviez \u00e9mis un demi-aveu, en \u00e9voquant un passage de d\u00e9pression\u00a0\u00bb. Rien n\u2019y fait. Lucas s\u2019accroche \u00e0 sa version. Il a voulu aider \u00e0 d\u00e9masquer les p\u00e9docriminels.<\/p>\n<p>\u00ab\u00a0Ce d\u00e9ni me fait peur quant \u00e0 son \u00e9volution\u00a0\u00bb, reprend la repr\u00e9sentante du parquet. Elle requiert 18 mois de prison dont 10 de sursis probatoire renforc\u00e9 pendant 24 mois, assortis \u00e0 des obligations de soins et de travail\u00a0; et \u00e0 titre compl\u00e9mentaire d\u2019une interdiction d\u2019exercer une activit\u00e9 en lieu avec des mineurs pendant 10 ans. Y compris sur les r\u00e9seaux o\u00f9 le jeune homme anime un site de streaming. \u00ab\u00a0Une porte d\u2019entr\u00e9e vers les plus jeunes, peut-\u00eatre une fa\u00e7on de chasser\u00a0\u00bb, analyse la magistrate.<\/p>\n<p>Me Olivier Nunge, avocat de Lucas, marche sur des \u0153ufs. Il n\u2019adh\u00e8re pas totalement \u00e0 la d\u00e9fense de son client, \u00ab\u00a0immature, tr\u00e8s isol\u00e9\u00a0\u00bb. Mais le condamner \u00e0 une peine ferme, \u00ab\u00a0fut-elle am\u00e9nageable\u00a0\u00bb lui semble excessif au regard de sa personnalit\u00e9, \u00ab\u00a0\u00e0 30 ans, il est inconnu des services judiciaires et policiers\u00a0\u00bb.<\/p>\n<p>Lucas \u00e9cope de 18 mois de sursis probatoire renforc\u00e9 pendant 3 ans assortis aux obligations et interdictions requises par le parquet.<\/p>\n","protected":false},"excerpt":{"rendered":"Mal \u00e0 l\u2019aise, il se dandine, joue avec les pressions de son manteau, baisse le regard. Lucas, 30&hellip;\n","protected":false},"author":2,"featured_media":533033,"comment_status":"","ping_status":"","sticky":false,"template":"","format":"standard","meta":{"footnotes":""},"categories":[9635],"tags":[1111,11,271,272,1707,1704,1706,1705,1777,674,274,1011,27,775,11259,11260,3457,1702,12,25],"class_list":{"0":"post-533032","1":"post","2":"type-post","3":"status-publish","4":"format-standard","5":"has-post-thumbnail","7":"category-nancy","8":"tag-actu","9":"tag-actualites","10":"tag-crime","11":"tag-delit-et-contravention","12":"tag-edition-luneville","13":"tag-edition-nancy-et-agglomeration","14":"tag-edition-pont-a-mousson","15":"tag-edition-toul","16":"tag-eu","17":"tag-europe","18":"tag-faits-divers-justice","19":"tag-fr","20":"tag-france","21":"tag-grand-est","22":"tag-malzeville","23":"tag-metropole-du-grand-nancy-54b4","24":"tag-meurthe-et-moselle","25":"tag-nancy","26":"tag-news","27":"tag-republique-francaise"},"share_on_mastodon":{"url":"https:\/\/pubeurope.com\/@fr\/115546608318909550","error":""},"_links":{"self":[{"href":"https:\/\/www.europesays.com\/fr\/wp-json\/wp\/v2\/posts\/533032","targetHints":{"allow":["GET"]}}],"collection":[{"href":"https:\/\/www.europesays.com\/fr\/wp-json\/wp\/v2\/posts"}],"about":[{"href":"https:\/\/www.europesays.com\/fr\/wp-json\/wp\/v2\/types\/post"}],"author":[{"embeddable":true,"href":"https:\/\/www.europesays.com\/fr\/wp-json\/wp\/v2\/users\/2"}],"replies":[{"embeddable":true,"href":"https:\/\/www.europesays.com\/fr\/wp-json\/wp\/v2\/comments?post=533032"}],"version-history":[{"count":0,"href":"https:\/\/www.europesays.com\/fr\/wp-json\/wp\/v2\/posts\/533032\/revisions"}],"wp:featuredmedia":[{"embeddable":true,"href":"https:\/\/www.europesays.com\/fr\/wp-json\/wp\/v2\/media\/533033"}],"wp:attachment":[{"href":"https:\/\/www.europesays.com\/fr\/wp-json\/wp\/v2\/media?parent=533032"}],"wp:term":[{"taxonomy":"category","embeddable":true,"href":"https:\/\/www.europesays.com\/fr\/wp-json\/wp\/v2\/categories?post=533032"},{"taxonomy":"post_tag","embeddable":true,"href":"https:\/\/www.europesays.com\/fr\/wp-json\/wp\/v2\/tags?post=533032"}],"curies":[{"name":"wp","href":"https:\/\/api.w.org\/{rel}","templated":true}]}}