{"id":533038,"date":"2025-11-14T06:23:14","date_gmt":"2025-11-14T06:23:14","guid":{"rendered":"https:\/\/www.europesays.com\/fr\/533038\/"},"modified":"2025-11-14T06:23:14","modified_gmt":"2025-11-14T06:23:14","slug":"des-locataires-en-detresse-sociale-et-financiere-a-toulon","status":"publish","type":"post","link":"https:\/\/www.europesays.com\/fr\/533038\/","title":{"rendered":"Des locataires en d\u00e9tresse sociale et financi\u00e8re \u00e0 Toulon"},"content":{"rendered":"\n<p>Des locataires de Toulon Habitat M\u00e9diterran\u00e9e (THM) pourraient voir leurs allocations logement suspendues en raison d\u2019un reliquat d\u2019impay\u00e9s de charges locatives, alerte l\u2019Indecosa CGT. L\u2019an dernier, ils ont \u00e9t\u00e9 assomm\u00e9 par une impressionnante r\u00e9gularisation de ces charges, atteignant pour certains un montant de plus de 1\u00a0500\u00a0euros. L\u2019apurement de la dette a \u00e9t\u00e9 \u00e9tal\u00e9 dans le temps.<\/p>\n<p>\u00ab\u00a0Ils en effet ont re\u00e7u un courrier les enjoignant \u00e0 contacter leur bailleur pour \u00e9tablir des dossiers FSL (Fonds de solidarit\u00e9 logement), alors qu\u2019ils ne sont pas, pour la plupart, en impay\u00e9 de loyers\u00a0\u00bb, explique Andr\u00e9 Cheinet, le pr\u00e9sident de l\u2019association de d\u00e9fense des consommateurs.<\/p>\n<p>Une menace jug\u00e9e particuli\u00e8rement injuste par l\u2019Indecosa CGT. D\u2019autant que le montant de ces charges a explos\u00e9 et que \u00ab\u00a0les prestations fournies sont loin d\u2019\u00eatre \u00e0 la hauteur\u00a0\u00bb, souligne Zohra Sidi Dris. Une population d\u00e9j\u00e0 tr\u00e8s fragilis\u00e9e et particuli\u00e8rement touch\u00e9e par la d\u00e9gradation g\u00e9n\u00e9rale du pouvoir d\u2019achat.<\/p>\n<p>Les militants d\u00e9noncent \u00e9galement un manque de transparence sur le calcul de r\u00e9partition de ces charges. \u00ab\u00a0Tout cela p\u00e8se d\u00e9cid\u00e9ment trop lourd sur les plus d\u00e9munis\u00a0\u00bb, insiste Jean-Luc Trinel.<\/p>\n<p> \u00ab\u00a0\u00c9viter la d\u00e9rive sociale<br \/>\n               <br \/>et financi\u00e8re\u00a0\u00bb\n              <\/p>\n<p>Andr\u00e9 Cheinet poursuit\u00a0: \u00ab\u00a0Le logement est en crise. Toutes les associations le disent. Donc, on interpelle les politiques en leur disant qu\u2019il n\u2019est pas possible de rester sans r\u00e9action face aux difficult\u00e9s de ces locataires.\u00a0\u00bb Compl\u00e8tement d\u00e9bord\u00e9s par les augmentations auxquelles ils n\u2019arrivent pas \u00e0 faire face, \u00ab\u00a0les gens sont en d\u00e9tresse, certains paniquent face aux risques de perdre leur logement\u00a0\u00bb, ajoute Zohra.<\/p>\n<p>Face \u00e0 cette urgence sociale, l\u2019Indecosa CGT appelle les \u00e9lus et pouvoirs publics \u00e0 r\u00e9agir\u00a0: \u00ab\u00a0Nous leur demandons de prendre des dispositions pour la mise en place urgente d\u2019une aide, \u00e0 titre exceptionnel, pour soulager ces locataires et leur \u00e9viter la d\u00e9rive sociale et financi\u00e8re qu\u2019entra\u00eenerait la suppression de leur aide au logement.\u00a0\u00bb L\u2019appel, sous forme de lettre ouverte, est lanc\u00e9. \u00ab\u00a0S\u2019ils r\u00e9pondent favorablement, on ne pourra que les remercier d\u2019avoir entendu la d\u00e9tresse des locataires, sinon ils s\u2019en souviendront\u00a0\u00bb, conclut Zohra Sidi Dris.<\/p>\n","protected":false},"excerpt":{"rendered":"Des locataires de Toulon Habitat M\u00e9diterran\u00e9e (THM) pourraient voir leurs allocations logement suspendues en raison d\u2019un reliquat d\u2019impay\u00e9s&hellip;\n","protected":false},"author":2,"featured_media":533039,"comment_status":"","ping_status":"","sticky":false,"template":"","format":"standard","meta":{"footnotes":""},"categories":[9619],"tags":[1111,11,1777,674,1011,27,6459,12,882,25,2310],"class_list":{"0":"post-533038","1":"post","2":"type-post","3":"status-publish","4":"format-standard","5":"has-post-thumbnail","7":"category-toulon","8":"tag-actu","9":"tag-actualites","10":"tag-eu","11":"tag-europe","12":"tag-fr","13":"tag-france","14":"tag-logements-sociaux","15":"tag-news","16":"tag-provence-alpes-cote-dazur","17":"tag-republique-francaise","18":"tag-toulon"},"share_on_mastodon":{"url":"https:\/\/pubeurope.com\/@fr\/115546620182767052","error":""},"_links":{"self":[{"href":"https:\/\/www.europesays.com\/fr\/wp-json\/wp\/v2\/posts\/533038","targetHints":{"allow":["GET"]}}],"collection":[{"href":"https:\/\/www.europesays.com\/fr\/wp-json\/wp\/v2\/posts"}],"about":[{"href":"https:\/\/www.europesays.com\/fr\/wp-json\/wp\/v2\/types\/post"}],"author":[{"embeddable":true,"href":"https:\/\/www.europesays.com\/fr\/wp-json\/wp\/v2\/users\/2"}],"replies":[{"embeddable":true,"href":"https:\/\/www.europesays.com\/fr\/wp-json\/wp\/v2\/comments?post=533038"}],"version-history":[{"count":0,"href":"https:\/\/www.europesays.com\/fr\/wp-json\/wp\/v2\/posts\/533038\/revisions"}],"wp:featuredmedia":[{"embeddable":true,"href":"https:\/\/www.europesays.com\/fr\/wp-json\/wp\/v2\/media\/533039"}],"wp:attachment":[{"href":"https:\/\/www.europesays.com\/fr\/wp-json\/wp\/v2\/media?parent=533038"}],"wp:term":[{"taxonomy":"category","embeddable":true,"href":"https:\/\/www.europesays.com\/fr\/wp-json\/wp\/v2\/categories?post=533038"},{"taxonomy":"post_tag","embeddable":true,"href":"https:\/\/www.europesays.com\/fr\/wp-json\/wp\/v2\/tags?post=533038"}],"curies":[{"name":"wp","href":"https:\/\/api.w.org\/{rel}","templated":true}]}}