{"id":533040,"date":"2025-11-14T06:24:17","date_gmt":"2025-11-14T06:24:17","guid":{"rendered":"https:\/\/www.europesays.com\/fr\/533040\/"},"modified":"2025-11-14T06:24:17","modified_gmt":"2025-11-14T06:24:17","slug":"des-vehicules-et-des-mobil-homes-detruits-par-un-incendie","status":"publish","type":"post","link":"https:\/\/www.europesays.com\/fr\/533040\/","title":{"rendered":"des v\u00e9hicules et des mobil-homes d\u00e9truits par un incendie"},"content":{"rendered":"<p>                    Par<br \/>\n        <strong><br \/>\n            <a href=\"https:\/\/actu.fr\/auteur\/metropoop\" title=\"Consulter tous les articles de R\u00e9daction M\u00e9tropolitain\" target=\"_blank\" rel=\"noopener\">R\u00e9daction M\u00e9tropolitain<\/a><br \/>\n                    <\/strong><\/p>\n<p>        Publi\u00e9 le<\/p>\n<p>            14 nov. 2025 \u00e0 7h11        <\/p>\n<p><strong>Alerte au feu<\/strong> dans la nuit de ce jeudi 13 \u00e0 ce vendredi 14 novembre 2025, dans la commune du <strong>Cr\u00e8s,<\/strong> aux portes Est de Montpellier : une <strong>casse automobile<\/strong> a \u00e9t\u00e9 en partie d\u00e9truite.<\/p>\n<p class=\" wall-content\">Les s<strong>apeurs-pompiers de l\u2019Herault<\/strong> sont intervenus dans la rue du Puech Cabrier : pr\u00e8s de \u00a0vingt \u00ab\u00a0soldats du feu\u00a0\u00bb ont utilis\u00e9 trois lances \u00e0 eau pour limiter la propagation. Selon le <strong>Sdis 34<\/strong>, le bilan fait \u00e9tat de deux voitures calcin\u00e9es, ainsi que trois utilitaires, trois motos et deux mobil-homes. Un camion-pizza a \u00e9t\u00e9 endommag\u00e9.<\/p>\n<p class=\" wall-content\">L\u2019action des pompiers a permis de sauver treize voitures, deux poids lourds et trois motos.\u00a0Cet incendie int\u00e9ressait une zone de stockage automobile situ\u00e9e dans une friche.<\/p>\n<p>    <a href=\"https:\/\/www.google.com\/maps\/embed?pb=!1m18!1m12!1m3!1d5355.217222615648!2d3.929180489796431!3d43.66035048347815!2m3!1f0!2f0!3f0!3m2!1i1024!2i768!4f13.1!3m3!1m2!1s0x12b6a66eaeafcbed%3A0x47ec21e24ee05c78!2sRue%20du%20Puech%20Cabrier%2C%2034920%20Le%20Cr%C3%A8s!5e0!3m2!1sfr!2sfr!4v1763100517940!5m2!1sfr!2sfr\" title=\"Ouvrie le lien\" target=\"_blank\" rel=\"noopener\">Cliquez ici pour visualiser le contenu<\/a><\/p>\n<p class=\" wall-content\">L\u2019origine de cet incendie nocturne fait l\u2019objet d\u2019une enqu\u00eate des<strong> gendarmes<\/strong> de la compagnie de Castelnau-le-Lez, qui \u00e9taient sur les lieux cette nuit.<\/p>\n<p class=\" wall-content\">Personnalisez votre actualit\u00e9 en ajoutant vos villes et m\u00e9dias en favori avec <a href=\"https:\/\/moncompte.actu.fr\" title=\"D\u00e9couvez Mon Actu\" rel=\"nofollow noopener\" data-trk=\"{&quot;cta&quot;:{&quot;action&quot;:&quot;https:\\\/\\\/moncompte.actu.fr&quot;,&quot;category&quot;:&quot;mon compte&quot;,&quot;from&quot;:&quot;article footer&quot;,&quot;name&quot;:&quot;Mon actu&quot;,&quot;type&quot;:&quot;cta&quot;}}\" target=\"_blank\">Mon Actu<\/a>.<\/p>\n","protected":false},"excerpt":{"rendered":"Par R\u00e9daction M\u00e9tropolitain Publi\u00e9 le 14 nov. 2025 \u00e0 7h11 Alerte au feu dans la nuit de ce&hellip;\n","protected":false},"author":2,"featured_media":533041,"comment_status":"","ping_status":"","sticky":false,"template":"","format":"standard","meta":{"footnotes":""},"categories":[9599],"tags":[1111,11,1777,674,118,1011,27,3381,1310,2208,12,2680,1311,25],"class_list":{"0":"post-533040","1":"post","2":"type-post","3":"status-publish","4":"format-standard","5":"has-post-thumbnail","7":"category-montpellier","8":"tag-actu","9":"tag-actualites","10":"tag-eu","11":"tag-europe","12":"tag-faits-divers","13":"tag-fr","14":"tag-france","15":"tag-gendarmerie","16":"tag-incendie","17":"tag-montpellier","18":"tag-news","19":"tag-occitanie","20":"tag-pompiers","21":"tag-republique-francaise"},"share_on_mastodon":{"url":"https:\/\/pubeurope.com\/@fr\/115546624095729453","error":""},"_links":{"self":[{"href":"https:\/\/www.europesays.com\/fr\/wp-json\/wp\/v2\/posts\/533040","targetHints":{"allow":["GET"]}}],"collection":[{"href":"https:\/\/www.europesays.com\/fr\/wp-json\/wp\/v2\/posts"}],"about":[{"href":"https:\/\/www.europesays.com\/fr\/wp-json\/wp\/v2\/types\/post"}],"author":[{"embeddable":true,"href":"https:\/\/www.europesays.com\/fr\/wp-json\/wp\/v2\/users\/2"}],"replies":[{"embeddable":true,"href":"https:\/\/www.europesays.com\/fr\/wp-json\/wp\/v2\/comments?post=533040"}],"version-history":[{"count":0,"href":"https:\/\/www.europesays.com\/fr\/wp-json\/wp\/v2\/posts\/533040\/revisions"}],"wp:featuredmedia":[{"embeddable":true,"href":"https:\/\/www.europesays.com\/fr\/wp-json\/wp\/v2\/media\/533041"}],"wp:attachment":[{"href":"https:\/\/www.europesays.com\/fr\/wp-json\/wp\/v2\/media?parent=533040"}],"wp:term":[{"taxonomy":"category","embeddable":true,"href":"https:\/\/www.europesays.com\/fr\/wp-json\/wp\/v2\/categories?post=533040"},{"taxonomy":"post_tag","embeddable":true,"href":"https:\/\/www.europesays.com\/fr\/wp-json\/wp\/v2\/tags?post=533040"}],"curies":[{"name":"wp","href":"https:\/\/api.w.org\/{rel}","templated":true}]}}