{"id":533044,"date":"2025-11-14T06:27:43","date_gmt":"2025-11-14T06:27:43","guid":{"rendered":"https:\/\/www.europesays.com\/fr\/533044\/"},"modified":"2025-11-14T06:27:43","modified_gmt":"2025-11-14T06:27:43","slug":"un-appel-a-temoins-lance-apres-la-disparition-de-malvina-16-ans-a-rouen","status":"publish","type":"post","link":"https:\/\/www.europesays.com\/fr\/533044\/","title":{"rendered":"Un appel \u00e0 t\u00e9moins lanc\u00e9 apr\u00e8s la disparition de Malvina, 16 ans, \u00e0 Rouen"},"content":{"rendered":"<p>Malvina Foissotte, une adolescente de 16 ans, a disparu d\u00e9but novembre sur la commune de Rouen (Seine-Maritime). Elle est activement recherch\u00e9e par les services de police.<\/p>\n<p>Un appel \u00e0 t\u00e9moins a \u00e9t\u00e9 lanc\u00e9, ce jeudi 13 novembre, par la police nationale \u00e0 la suite de la disparition de Malvina Foissotte, 16 ans, sur la commune de Rouen (Seine-Maritime).<\/p>\n<p>L&rsquo;adolescente est port\u00e9e disparue depuis le 7 novembre 2025 et a \u00e9t\u00e9 aper\u00e7ue \u00e0 plusieurs reprises dans le quartier Saint Sever.<\/p>\n<p>Malvina Foissote mesure 1m63 avec une corpulence \u00ab\u00a0normale\u00a0\u00bb. Elle a les cheveux long, bruns et les yeux verts. L\u00e0 derni\u00e8re fois o\u00f9 elle a \u00e9t\u00e9 vue, elle portait un d\u00e9bardeur noir avec une veste et un pantalon bleu.<\/p>\n<p>En signe distinctif, elle pr\u00e9sente des marques de scarifications sur le bras gauche et des piercings aux oreilles.<\/p>\n<p class=\"encadre_text\">Si vous disposez d&rsquo;informations permettant de le localiser, veuillez contacter imm\u00e9diatement le num\u00e9ro d&rsquo;urgence 17 ou la gendarmerie de Saint-Jean-d&rsquo;Ang\u00e9ly au 05 46 32 04 27.<\/p>\n","protected":false},"excerpt":{"rendered":"Malvina Foissotte, une adolescente de 16 ans, a disparu d\u00e9but novembre sur la commune de Rouen (Seine-Maritime). Elle&hellip;\n","protected":false},"author":2,"featured_media":533045,"comment_status":"","ping_status":"","sticky":false,"template":"","format":"standard","meta":{"footnotes":""},"categories":[9587],"tags":[1111,11,1777,674,1011,27,12,5161,25,9590],"class_list":{"0":"post-533044","1":"post","2":"type-post","3":"status-publish","4":"format-standard","5":"has-post-thumbnail","7":"category-rouen","8":"tag-actu","9":"tag-actualites","10":"tag-eu","11":"tag-europe","12":"tag-fr","13":"tag-france","14":"tag-news","15":"tag-normandie","16":"tag-republique-francaise","17":"tag-rouen"},"share_on_mastodon":{"url":"https:\/\/pubeurope.com\/@fr\/115546635904407054","error":""},"_links":{"self":[{"href":"https:\/\/www.europesays.com\/fr\/wp-json\/wp\/v2\/posts\/533044","targetHints":{"allow":["GET"]}}],"collection":[{"href":"https:\/\/www.europesays.com\/fr\/wp-json\/wp\/v2\/posts"}],"about":[{"href":"https:\/\/www.europesays.com\/fr\/wp-json\/wp\/v2\/types\/post"}],"author":[{"embeddable":true,"href":"https:\/\/www.europesays.com\/fr\/wp-json\/wp\/v2\/users\/2"}],"replies":[{"embeddable":true,"href":"https:\/\/www.europesays.com\/fr\/wp-json\/wp\/v2\/comments?post=533044"}],"version-history":[{"count":0,"href":"https:\/\/www.europesays.com\/fr\/wp-json\/wp\/v2\/posts\/533044\/revisions"}],"wp:featuredmedia":[{"embeddable":true,"href":"https:\/\/www.europesays.com\/fr\/wp-json\/wp\/v2\/media\/533045"}],"wp:attachment":[{"href":"https:\/\/www.europesays.com\/fr\/wp-json\/wp\/v2\/media?parent=533044"}],"wp:term":[{"taxonomy":"category","embeddable":true,"href":"https:\/\/www.europesays.com\/fr\/wp-json\/wp\/v2\/categories?post=533044"},{"taxonomy":"post_tag","embeddable":true,"href":"https:\/\/www.europesays.com\/fr\/wp-json\/wp\/v2\/tags?post=533044"}],"curies":[{"name":"wp","href":"https:\/\/api.w.org\/{rel}","templated":true}]}}