{"id":533046,"date":"2025-11-14T06:28:41","date_gmt":"2025-11-14T06:28:41","guid":{"rendered":"https:\/\/www.europesays.com\/fr\/533046\/"},"modified":"2025-11-14T06:28:41","modified_gmt":"2025-11-14T06:28:41","slug":"saint-egreve-deux-bourses-aux-livres-et-aux-jouets-ce-week-end","status":"publish","type":"post","link":"https:\/\/www.europesays.com\/fr\/533046\/","title":{"rendered":"Saint-\u00c9gr\u00e8ve. Deux bourses aux livres et aux jouets ce week-end"},"content":{"rendered":"<p>  Une bourse aux livres \u00e0 la Maison des solidarit\u00e9s et des familles<\/p>\n<p>Les compagnons du groupe Scouts et Guides de France de Saint-\u00c9gr\u00e8ve organisent une bourse aux livres, vinyles, CD, DVD le samedi 15\u00a0novembre de 14\u00a0\u00e0 18\u00a0heures et le dimanche 16\u00a0novembre de 10\u00a0\u00e0 17\u00a0heures \u00e0 la Maison des solidarit\u00e9s et des familles (MSF), 38 rue de la Gare \u00e0 Saint-\u00c9gr\u00e8ve. Les profits de la vente serviront au financement de leurs projets solidaires.<\/p>\n<p>  La bourse aux jouets de l\u2019Espace Robert-Fiat, c\u2019est dimanche<\/p>\n<p>Par ailleurs, une grande vente de jeux et jouets d\u2019occasion sera organis\u00e9e par l\u2019Association familiale ce dimanche 16\u00a0novembre de 8\u00a0h \u00e0 13\u00a0h \u00e0 l\u2019Espace Robert-Fiat. L\u2019occasion de trouver des jouets en seconde main et pour moins cher. Comment \u00e7a marche\u00a0? Le d\u00e9p\u00f4t des\u00a0jouets est \u00e0 effectuer \u00e0 l\u2019Espace\u00a0Robert-Fiat ce\u00a0vendredi 14\u00a0novembre de\u00a015\u00a0h\u00a030 \u00e0 20\u00a0heures et samedi\u00a0de 9\u00a0heures\u00a0\u00e0 midi. Des b\u00e9n\u00e9voles de l\u2019Association familiale s\u2019occuperont de l\u2019installation et de la vente. Les vendeurs r\u00e9cup\u00e9reront leurs recettes ainsi que les objets non vendus le dimanche 16\u00a0novembre de 18\u00a0heures \u00e0 19\u00a0h\u00a030.<\/p>\n<p>Les jouets doivent \u00eatre propres et en \u00e9tat de marche. Les peluches et objets en tissu ne seront pas accept\u00e9s. Les v\u00e9los, trottinettes, rollers et les accessoires de s\u00e9curit\u00e9 comme les casques de ski seront \u00e9galement refus\u00e9s. Lors du d\u00e9p\u00f4t, les jouets \u00e0 piles devront en \u00eatre \u00e9quip\u00e9s, afin que l\u2019\u00e9quipe de l\u2019association puisse v\u00e9rifier l\u2019\u00e9tat de marche du jouet. Seront accept\u00e9s\u00a0les trottinettes enfants et les draisiennes, les rollers enfants et les patins \u00e0 roulettes, les jeux \u00e9lectroniques, les jeux de soci\u00e9t\u00e9, les puzzles, les poup\u00e9es, les d\u00e9guisements, les jeux premier \u00e2ge, Playmobil\u00ae, Duplo\u00ae, Lego\u00ae, les petites voitures, les livres et revues enfants, de pr\u00e9f\u00e9rence vendus par lots (deux ou trois) ficel\u00e9s. Les prix seront appos\u00e9s sur les jouets par les b\u00e9n\u00e9voles de l\u2019Association familiale et doivent \u00eatre arrondis \u00e0 l\u2019euro.<\/p>\n<p class=\"note\">Renseignements et inscriptions\u00a0: Association familiale &#8211; 04\u00a076\u00a075\u00a027\u00a057 ou sur le site\u00a0: af-st-egreve.org<\/p>\n","protected":false},"excerpt":{"rendered":"Une bourse aux livres \u00e0 la Maison des solidarit\u00e9s et des familles Les compagnons du groupe Scouts et&hellip;\n","protected":false},"author":2,"featured_media":533047,"comment_status":"","ping_status":"","sticky":false,"template":"","format":"standard","meta":{"footnotes":""},"categories":[9566],"tags":[1111,11,2430,5738,11679,1687,112,1777,674,1011,27,2731,12,25,275,276,3365],"class_list":{"0":"post-533046","1":"post","2":"type-post","3":"status-publish","4":"format-standard","5":"has-post-thumbnail","7":"category-grenoble","8":"tag-actu","9":"tag-actualites","10":"tag-auvergne-rhone-alpes","11":"tag-bourses","12":"tag-brocantes","13":"tag-culture-loisirs","14":"tag-edition-grenoble-agglomeration","15":"tag-eu","16":"tag-europe","17":"tag-fr","18":"tag-france","19":"tag-grenoble","20":"tag-news","21":"tag-republique-francaise","22":"tag-saint-egreve","23":"tag-saint-egreve-et-autour","24":"tag-vide-greniers"},"share_on_mastodon":{"url":"https:\/\/pubeurope.com\/@fr\/115546639862425506","error":""},"_links":{"self":[{"href":"https:\/\/www.europesays.com\/fr\/wp-json\/wp\/v2\/posts\/533046","targetHints":{"allow":["GET"]}}],"collection":[{"href":"https:\/\/www.europesays.com\/fr\/wp-json\/wp\/v2\/posts"}],"about":[{"href":"https:\/\/www.europesays.com\/fr\/wp-json\/wp\/v2\/types\/post"}],"author":[{"embeddable":true,"href":"https:\/\/www.europesays.com\/fr\/wp-json\/wp\/v2\/users\/2"}],"replies":[{"embeddable":true,"href":"https:\/\/www.europesays.com\/fr\/wp-json\/wp\/v2\/comments?post=533046"}],"version-history":[{"count":0,"href":"https:\/\/www.europesays.com\/fr\/wp-json\/wp\/v2\/posts\/533046\/revisions"}],"wp:featuredmedia":[{"embeddable":true,"href":"https:\/\/www.europesays.com\/fr\/wp-json\/wp\/v2\/media\/533047"}],"wp:attachment":[{"href":"https:\/\/www.europesays.com\/fr\/wp-json\/wp\/v2\/media?parent=533046"}],"wp:term":[{"taxonomy":"category","embeddable":true,"href":"https:\/\/www.europesays.com\/fr\/wp-json\/wp\/v2\/categories?post=533046"},{"taxonomy":"post_tag","embeddable":true,"href":"https:\/\/www.europesays.com\/fr\/wp-json\/wp\/v2\/tags?post=533046"}],"curies":[{"name":"wp","href":"https:\/\/api.w.org\/{rel}","templated":true}]}}