{"id":533050,"date":"2025-11-14T06:30:16","date_gmt":"2025-11-14T06:30:16","guid":{"rendered":"https:\/\/www.europesays.com\/fr\/533050\/"},"modified":"2025-11-14T06:30:16","modified_gmt":"2025-11-14T06:30:16","slug":"je-vous-propose-dagir-plus-fermement-pour-lutter-contre-la-crise-du-logement-rennes-metropole-veut-requisitionner-les-locaux-vides","status":"publish","type":"post","link":"https:\/\/www.europesays.com\/fr\/533050\/","title":{"rendered":"\u00ab\u00a0Je vous propose d\u2019agir plus fermement\u00a0\u00bb\u00a0: pour lutter contre la crise du logement, Rennes m\u00e9tropole veut r\u00e9quisitionner les locaux vides"},"content":{"rendered":"<p>\u00ab Je vous propose d\u2019agir plus fermement, plus \u00e9nergiquement, pour garantir l\u2019effectivit\u00e9 du droit au logement \u00bb. Ce jeudi 13 novembre 2025, Honor\u00e9 Puil, vice-pr\u00e9sident de Rennes M\u00e9tropole \u00e0 l\u2019habitat et au logement, a pr\u00e9sent\u00e9 une d\u00e9lib\u00e9ration offensive pour lutter contre la crise du logement \u00e0 Rennes m\u00e9tropole. L\u2019objet de cette d\u00e9lib\u00e9ration ? Demander au pr\u00e9fet le pouvoir de r\u00e9quisition des logements vacants de longue dur\u00e9e.<\/p>\n<p>\u00ab 2 800 logements sur nos 43 communes sont vacants depuis plus de deux ans, soit 1,3 % du parc immobilier, explique l\u2019\u00e9lu m\u00e9tropolitain. Au total, 600 \u00e0 700 logements sont r\u00e9ellement vacants une fois exclus les logements irr\u00e9cup\u00e9rables, c\u2019est-\u00e0-dire ceux dont la vacance est li\u00e9e \u00e0 une d\u00e9gradation du b\u00e2ti, \u00e0 des difficult\u00e9s financi\u00e8res \u00e0 r\u00e9nover, \u00e0 l\u2019\u00e2ge des propri\u00e9taires\u2026 On estime donc que 400 logements pourraient \u00eatre remis sur le march\u00e9 \u00bb.<\/p>\n<p>\u00ab 10 % de ces propri\u00e9taires choisissent de laisser volontairement leur immeuble ou logement vide \u00bb<\/p>\n<p>Pour lutter contre la crise du logement, Rennes M\u00e9tropole veut donc utiliser ces logements non occup\u00e9s. L\u2019id\u00e9e avec ce pouvoir de r\u00e9quisition, aujourd\u2019hui exerc\u00e9 par le pr\u00e9fet ? Que la collectivit\u00e9 puisse remettre sur le march\u00e9 des locaux vacants, \u00ab dans les zones marqu\u00e9es par un d\u00e9s\u00e9quilibre entre l\u2019offre et la demande, afin de les attribuer aux publics en situation de pr\u00e9carit\u00e9 ou d\u2019urgence sociale \u00bb, explique Honor\u00e9 Puil.<\/p>\n<p>Rennes M\u00e9tropole intervient d\u00e9j\u00e0, depuis 2021, en faveur de la remise sur le march\u00e9 des logements vacants. Or, \u00ab cette d\u00e9marche repose sur le volontariat des propri\u00e9taires, accompagn\u00e9s dans le cadre d\u2019un dispositif visant \u00e0 leur apporter des conseils juridiques, des informations sur les aides disponibles et un appui dans leur projet, rappelle Honor\u00e9 Puil. Environ 10 % de ces propri\u00e9taires choisissent de laisser volontairement leur immeuble ou logement vide. Ces choix sont pr\u00e9judiciables \u00e0 ceux qui cherchent un logement. En compl\u00e9ment des dispositifs incitatifs, ce pouvoir de r\u00e9quisition serait une nouvelle brique \u00e0 notre politique de logement \u00bb.<\/p>\n<p>Une initiative, vot\u00e9e par le Conseil de M\u00e9tropole ce jeudi 13 novembre 2025, salu\u00e9e par Arnaud Stephan au nom du Groupe communiste : \u00ab Cette d\u00e9lib\u00e9ration souligne une probl\u00e9matique majeure \u00e0 laquelle notre pays, ainsi que notre collectivit\u00e9, ne sauraient \u00e9chapper : contribuer \u00e0 r\u00e9guler le march\u00e9 de l\u2019immobilier, notamment dans le diffus, afin de lutter contre la p\u00e9nurie de logements contribuant \u00e0 la hausse des prix, la rar\u00e9faction et donc \u00e0 l\u2019inaccessibilit\u00e9 des logements \u00bb.<\/p>\n","protected":false},"excerpt":{"rendered":"\u00ab Je vous propose d\u2019agir plus fermement, plus \u00e9nergiquement, pour garantir l\u2019effectivit\u00e9 du droit au logement \u00bb. Ce&hellip;\n","protected":false},"author":2,"featured_media":533051,"comment_status":"","ping_status":"","sticky":false,"template":"","format":"standard","meta":{"footnotes":""},"categories":[2821],"tags":[1111,11,829,1777,674,1011,27,848,12,584,25],"class_list":{"0":"post-533050","1":"post","2":"type-post","3":"status-publish","4":"format-standard","5":"has-post-thumbnail","7":"category-rennes","8":"tag-actu","9":"tag-actualites","10":"tag-bretagne","11":"tag-eu","12":"tag-europe","13":"tag-fr","14":"tag-france","15":"tag-ille-et-vilaine","16":"tag-news","17":"tag-rennes","18":"tag-republique-francaise"},"share_on_mastodon":{"url":"https:\/\/pubeurope.com\/@fr\/115546647711034524","error":""},"_links":{"self":[{"href":"https:\/\/www.europesays.com\/fr\/wp-json\/wp\/v2\/posts\/533050","targetHints":{"allow":["GET"]}}],"collection":[{"href":"https:\/\/www.europesays.com\/fr\/wp-json\/wp\/v2\/posts"}],"about":[{"href":"https:\/\/www.europesays.com\/fr\/wp-json\/wp\/v2\/types\/post"}],"author":[{"embeddable":true,"href":"https:\/\/www.europesays.com\/fr\/wp-json\/wp\/v2\/users\/2"}],"replies":[{"embeddable":true,"href":"https:\/\/www.europesays.com\/fr\/wp-json\/wp\/v2\/comments?post=533050"}],"version-history":[{"count":0,"href":"https:\/\/www.europesays.com\/fr\/wp-json\/wp\/v2\/posts\/533050\/revisions"}],"wp:featuredmedia":[{"embeddable":true,"href":"https:\/\/www.europesays.com\/fr\/wp-json\/wp\/v2\/media\/533051"}],"wp:attachment":[{"href":"https:\/\/www.europesays.com\/fr\/wp-json\/wp\/v2\/media?parent=533050"}],"wp:term":[{"taxonomy":"category","embeddable":true,"href":"https:\/\/www.europesays.com\/fr\/wp-json\/wp\/v2\/categories?post=533050"},{"taxonomy":"post_tag","embeddable":true,"href":"https:\/\/www.europesays.com\/fr\/wp-json\/wp\/v2\/tags?post=533050"}],"curies":[{"name":"wp","href":"https:\/\/api.w.org\/{rel}","templated":true}]}}