{"id":533052,"date":"2025-11-14T06:31:24","date_gmt":"2025-11-14T06:31:24","guid":{"rendered":"https:\/\/www.europesays.com\/fr\/533052\/"},"modified":"2025-11-14T06:31:24","modified_gmt":"2025-11-14T06:31:24","slug":"le-velostar-100-electrique-debarque-dans-ces-communes-autour-de-rennes-voici-ou-et-quand","status":"publish","type":"post","link":"https:\/\/www.europesays.com\/fr\/533052\/","title":{"rendered":"Le V\u00e9loSTAR 100% \u00e9lectrique d\u00e9barque dans ces communes autour de Rennes : voici o\u00f9 et quand"},"content":{"rendered":"<p>                    Par<br \/>\n        <strong><br \/>\n            <a href=\"https:\/\/actu.fr\/auteur\/clemence-pays02-actu-fr\" title=\"Consulter tous les articles de Cl\u00e9mence Pays\" target=\"_blank\" rel=\"noopener\">Cl\u00e9mence Pays<\/a><br \/>\n                    <\/strong><\/p>\n<p>        Publi\u00e9 le<\/p>\n<p>            14 nov. 2025 \u00e0 6h32        <\/p>\n<p>Bonne nouvelle pour les cyclistes (et ceux qui souhaitent le devenir). Rennes M\u00e9tropole souhaite <strong>d\u00e9velopper son offre de V\u00e9loSTAR.<\/strong><\/p>\n<p class=\" wall-content\">\u00ab\u2009Le r\u00e9seau sera obsol\u00e8te en 2028\u2009\u00bb, annonce Matthieu Theurier, 3e vice-pr\u00e9sident de Rennes M\u00e9tropole, en charge de la mobilit\u00e9 et des transports. La M\u00e9tropole va donc en profiter pour<strong> renouveler son parc<\/strong> et augmenter l\u2019offre.<\/p>\n<p>Des v\u00e9los \u00e9lectriques en libre-service<\/p>\n<p class=\" wall-content\">Pour les cycles <strong>en libre-service, <\/strong>Rennes M\u00e9tropole \u00ab\u2009a fait le choix de passer au <strong>100\u2009% \u00e9lectrique\u2009\u00bb,<\/strong> \u00e0 partir de mi-2028. Cette offre sera \u00e9tendue \u00e0 quatre communes, en plus de Rennes\u2009: <a href=\"https:\/\/actu.fr\/bretagne\/saint-jacques-de-la-lande_35281\" target=\"_blank\" rel=\"noopener\">Saint-Jacques-de-la-Lande<\/a>, <a href=\"https:\/\/actu.fr\/bretagne\/chantepie_35055\" target=\"_blank\" rel=\"noopener\">Chantepie<\/a>, <a href=\"https:\/\/actu.fr\/bretagne\/cesson-sevigne_35051\" target=\"_blank\" rel=\"noopener\">Cesson-S\u00e9vign\u00e9<\/a> et <a href=\"https:\/\/actu.fr\/bretagne\/saint-gregoire_35278\" target=\"_blank\" rel=\"noopener\">Saint-Gr\u00e9goire<\/a>.<\/p>\n<p class=\" wall-content\">\u00ab\u2009Cela va allonger les distances de circulation\u2009\u00bb \u00e0 v\u00e9lo, souligne Matthieu Theurier, qui pr\u00e9cise \u00e9galement que <strong>\u00ab\u2009les stations existantes seront r\u00e9utilis\u00e9es\u2009\u00bb<\/strong> et de nouvelles install\u00e9es.<\/p>\n<p class=\" wall-content\">Ainsi, la M\u00e9tropole comptera <strong>76 stations V\u00e9loSTAR<\/strong> (59 \u00e0 Rennes et 17 dans les communes alentour).<\/p>\n<p>Des v\u00e9los toujours disponibles \u00e0 la location<\/p>\n<p class=\" wall-content\">Ce renouvellement s\u2019inscrit dans la reconduction de <a href=\"https:\/\/actu.fr\/tag\/keolis\" target=\"_blank\" rel=\"noopener\">Keolis<\/a> comme <strong>concessionnaire de service public<\/strong> pour l\u2019exploitation du <a href=\"https:\/\/actu.fr\/tag\/reseau-star\" target=\"_blank\" rel=\"noopener\">r\u00e9seau STAR<\/a>, valid\u00e9 lors du conseil m\u00e9tropolitain, jeudi 13\u00a0novembre 2025.<\/p>\n<p>Votre r\u00e9gion, votre actu !<\/p>\n<p>Recevez chaque jour les infos qui comptent pour vous.<\/p>\n<p>\t<a href=\"https:\/\/actu.fr\/newsletter\" class=\"ac-btn ac-btn--corner ac-btn--medium ac-btn--blue800\" target=\"_blank\" rel=\"noopener\">S&rsquo;incrire<\/a><\/p>\n<p class=\" wall-content\">Pour les <strong>locations longue dur\u00e9e,<\/strong> pour les habitations et entreprises, le parc de <strong>2\u2009500 v\u00e9los \u00e0 assistance \u00e9lectrique<\/strong> et maintenu. Tout comme la location longue dur\u00e9e de longtails et v\u00e9los-cargos.<\/p>\n<p class=\" wall-content\">Personnalisez votre actualit\u00e9 en ajoutant vos villes et m\u00e9dias en favori avec <a href=\"https:\/\/moncompte.actu.fr\" title=\"D\u00e9couvez Mon Actu\" rel=\"nofollow noopener\" data-trk=\"{&quot;cta&quot;:{&quot;action&quot;:&quot;https:\\\/\\\/moncompte.actu.fr&quot;,&quot;category&quot;:&quot;mon compte&quot;,&quot;from&quot;:&quot;article footer&quot;,&quot;name&quot;:&quot;Mon actu&quot;,&quot;type&quot;:&quot;cta&quot;}}\" target=\"_blank\">Mon Actu<\/a>.<\/p>\n","protected":false},"excerpt":{"rendered":"Par Cl\u00e9mence Pays Publi\u00e9 le 14 nov. 2025 \u00e0 6h32 Bonne nouvelle pour les cyclistes (et ceux qui&hellip;\n","protected":false},"author":2,"featured_media":533053,"comment_status":"","ping_status":"","sticky":false,"template":"","format":"standard","meta":{"footnotes":""},"categories":[2821],"tags":[1111,11,829,1777,674,1011,27,4999,12,584,25,5001,104,208],"class_list":{"0":"post-533052","1":"post","2":"type-post","3":"status-publish","4":"format-standard","5":"has-post-thumbnail","7":"category-rennes","8":"tag-actu","9":"tag-actualites","10":"tag-bretagne","11":"tag-eu","12":"tag-europe","13":"tag-fr","14":"tag-france","15":"tag-keolis","16":"tag-news","17":"tag-rennes","18":"tag-republique-francaise","19":"tag-reseau-star","20":"tag-societe","21":"tag-velo"},"share_on_mastodon":{"url":"https:\/\/pubeurope.com\/@fr\/115546651660994467","error":""},"_links":{"self":[{"href":"https:\/\/www.europesays.com\/fr\/wp-json\/wp\/v2\/posts\/533052","targetHints":{"allow":["GET"]}}],"collection":[{"href":"https:\/\/www.europesays.com\/fr\/wp-json\/wp\/v2\/posts"}],"about":[{"href":"https:\/\/www.europesays.com\/fr\/wp-json\/wp\/v2\/types\/post"}],"author":[{"embeddable":true,"href":"https:\/\/www.europesays.com\/fr\/wp-json\/wp\/v2\/users\/2"}],"replies":[{"embeddable":true,"href":"https:\/\/www.europesays.com\/fr\/wp-json\/wp\/v2\/comments?post=533052"}],"version-history":[{"count":0,"href":"https:\/\/www.europesays.com\/fr\/wp-json\/wp\/v2\/posts\/533052\/revisions"}],"wp:featuredmedia":[{"embeddable":true,"href":"https:\/\/www.europesays.com\/fr\/wp-json\/wp\/v2\/media\/533053"}],"wp:attachment":[{"href":"https:\/\/www.europesays.com\/fr\/wp-json\/wp\/v2\/media?parent=533052"}],"wp:term":[{"taxonomy":"category","embeddable":true,"href":"https:\/\/www.europesays.com\/fr\/wp-json\/wp\/v2\/categories?post=533052"},{"taxonomy":"post_tag","embeddable":true,"href":"https:\/\/www.europesays.com\/fr\/wp-json\/wp\/v2\/tags?post=533052"}],"curies":[{"name":"wp","href":"https:\/\/api.w.org\/{rel}","templated":true}]}}