{"id":533054,"date":"2025-11-14T06:32:09","date_gmt":"2025-11-14T06:32:09","guid":{"rendered":"https:\/\/www.europesays.com\/fr\/533054\/"},"modified":"2025-11-14T06:32:09","modified_gmt":"2025-11-14T06:32:09","slug":"des-bancs-dallaitement-vont-etre-installes-au-parc-de-lorangerie-a-strasbourg-on-vous-explique","status":"publish","type":"post","link":"https:\/\/www.europesays.com\/fr\/533054\/","title":{"rendered":"Des bancs d&rsquo;allaitement vont \u00eatre install\u00e9s au parc de l&rsquo;Orangerie \u00e0 Strasbourg : on vous explique"},"content":{"rendered":"<p>                    Par<br \/>\n        <strong><br \/>\n            <a href=\"https:\/\/actu.fr\/auteur\/thomas-blanc\" title=\"Consulter tous les articles de Thomas Blanc\" target=\"_blank\" rel=\"noopener\">Thomas Blanc<\/a><br \/>\n                    <\/strong><\/p>\n<p>        Publi\u00e9 le<\/p>\n<p>            14 nov. 2025 \u00e0 7h02        <\/p>\n<p>Le <a href=\"https:\/\/actu.fr\/tag\/parc-de-l-orangerie\" target=\"_blank\" rel=\"noopener\">parc de l\u2019Orangerie<\/a> va conna\u00eetre de<strong> nombreux travaux<\/strong> dans les dix prochaines ann\u00e9es; notamment afin de \u00ab\u2009respecter <strong>les enjeux climatiques<\/strong> et la protection du parc\u2009\u00bb, comme le souligne Suzanne Brolly, adjointe \u00e0 la maire de <a href=\"https:\/\/actu.fr\/strasbourg\/\" target=\"_blank\" rel=\"noopener\">Strasbourg<\/a> en charge de l\u2019entretien et la gestion domaniale des espaces verts et naturels urbains.<\/p>\n<p class=\" wall-content\">Cela ne s\u2019arr\u00eate pas l\u00e0 puisque d\u2019autres am\u00e9liorations sont pr\u00e9vues, comme l\u2019implantation de <strong>bancs d\u2019allaitement.<\/strong><\/p>\n<p>Des bancs d\u2019allaitement install\u00e9s dans le parc de l\u2019Orangerie<\/p>\n<p class=\" wall-content\">Lors de la restitution du <strong>plan d\u2019\u00e9volution 2025-2035<\/strong> du parc de l\u2019Orangerie qui s\u2019est tenue le 12\u00a0novembre au pavillon Jos\u00e9phine, une annonce a laiss\u00e9 plus <strong>d\u2019un spectateur sans voix<\/strong>, celle de l\u2019installation de bancs d\u2019allaitement pour les femmes qui viennent d\u2019avoir un <a href=\"https:\/\/actu.fr\/tag\/enfants\" target=\"_blank\" rel=\"noopener\">enfant<\/a>.<\/p>\n<p class=\" wall-content\">Pourtant, \u00ab\u2009ils sont bien n\u00e9cessaires\u2009\u00bb, comme l\u2019affirme Marina Lafay, adjointe \u00e0 la maire de Strasbourg charg\u00e9e du soutien \u00e0 la parentalit\u00e9 des parents et futurs parents. \u00ab\u2009Ces bancs seront install\u00e9s en test \u00e0 l\u2019Orangerie <strong>avant d\u2019\u00eatre g\u00e9n\u00e9ralis\u00e9s dans la ville<\/strong>\u2009\u00bb, explique-t-elle.<\/p>\n<p>Les bancs install\u00e9s pr\u00e8s des jeux pour enfants de l\u2019hippodrome<\/p>\n<p class=\" wall-content\">Issus du \u00ab\u2009plan banc\u2009\u00bb, duquel ont \u00e9merg\u00e9 <strong>dix nouveaux bancs inclusifs<\/strong> que la Ville souhaite implanter, comme des bancs pour<strong> les personnes \u00e2g\u00e9es<\/strong> ou encore des bancs pour <strong>les personnes \u00e0 mobilit\u00e9 r\u00e9duite<\/strong>, les bancs d\u2019allaitement ont pour but de \u00ab<strong>\u2009r\u00e9affirmer le droit d\u2019allaiter<\/strong> dans l\u2019espace public\u2009\u00bb.<\/p>\n<p class=\" wall-content\">Techniquement, ils seront install\u00e9s pr\u00e8s de l\u2019aire de jeux pour enfants dite \u00ab\u2009de l\u2019hippodrome\u2009\u00bb qui sera <strong>enti\u00e8rement refaite au premier semestre 2026<\/strong>. Ils permettront aux femmes d\u2019\u00eatre mieux install\u00e9es pour donner le sein \u00e0 leur enfant.<\/p>\n<p>Votre r\u00e9gion, votre actu !<\/p>\n<p>Recevez chaque jour les infos qui comptent pour vous.<\/p>\n<p>\t<a href=\"https:\/\/actu.fr\/newsletter\" class=\"ac-btn ac-btn--corner ac-btn--medium ac-btn--blue800\" target=\"_blank\" rel=\"noopener\">S&rsquo;incrire<\/a><\/p>\n<p class=\" wall-content\">\u00ab\u2009On a<strong> travaill\u00e9 avec des sages-femmes<\/strong> pour mettre l\u2019accoudoir \u00e0 la bonne hauteur et faciliter l\u2019allaitement. Le banc sera \u00e9galement assez large pour pouvoir <strong>y changer un enfant<\/strong>\u2009\u00bb, conclut Mme Lafay.<\/p>\n<p class=\" wall-content\">Personnalisez votre actualit\u00e9 en ajoutant vos villes et m\u00e9dias en favori avec <a href=\"https:\/\/moncompte.actu.fr\" title=\"D\u00e9couvez Mon Actu\" rel=\"nofollow noopener\" data-trk=\"{&quot;cta&quot;:{&quot;action&quot;:&quot;https:\\\/\\\/moncompte.actu.fr&quot;,&quot;category&quot;:&quot;mon compte&quot;,&quot;from&quot;:&quot;article footer&quot;,&quot;name&quot;:&quot;Mon actu&quot;,&quot;type&quot;:&quot;cta&quot;}}\" target=\"_blank\">Mon Actu<\/a>.<\/p>\n","protected":false},"excerpt":{"rendered":"Par Thomas Blanc Publi\u00e9 le 14 nov. 2025 \u00e0 7h02 Le parc de l\u2019Orangerie va conna\u00eetre de nombreux&hellip;\n","protected":false},"author":2,"featured_media":102098,"comment_status":"","ping_status":"","sticky":false,"template":"","format":"standard","meta":{"footnotes":""},"categories":[2820],"tags":[1111,11,1719,1777,674,1011,27,775,12,25967,25,104,640],"class_list":{"0":"post-533054","1":"post","2":"type-post","3":"status-publish","4":"format-standard","5":"has-post-thumbnail","7":"category-strasbourg","8":"tag-actu","9":"tag-actualites","10":"tag-enfants","11":"tag-eu","12":"tag-europe","13":"tag-fr","14":"tag-france","15":"tag-grand-est","16":"tag-news","17":"tag-parc-de-lorangerie","18":"tag-republique-francaise","19":"tag-societe","20":"tag-strasbourg"},"share_on_mastodon":{"url":"https:\/\/pubeurope.com\/@fr\/115546655533378546","error":""},"_links":{"self":[{"href":"https:\/\/www.europesays.com\/fr\/wp-json\/wp\/v2\/posts\/533054","targetHints":{"allow":["GET"]}}],"collection":[{"href":"https:\/\/www.europesays.com\/fr\/wp-json\/wp\/v2\/posts"}],"about":[{"href":"https:\/\/www.europesays.com\/fr\/wp-json\/wp\/v2\/types\/post"}],"author":[{"embeddable":true,"href":"https:\/\/www.europesays.com\/fr\/wp-json\/wp\/v2\/users\/2"}],"replies":[{"embeddable":true,"href":"https:\/\/www.europesays.com\/fr\/wp-json\/wp\/v2\/comments?post=533054"}],"version-history":[{"count":0,"href":"https:\/\/www.europesays.com\/fr\/wp-json\/wp\/v2\/posts\/533054\/revisions"}],"wp:featuredmedia":[{"embeddable":true,"href":"https:\/\/www.europesays.com\/fr\/wp-json\/wp\/v2\/media\/102098"}],"wp:attachment":[{"href":"https:\/\/www.europesays.com\/fr\/wp-json\/wp\/v2\/media?parent=533054"}],"wp:term":[{"taxonomy":"category","embeddable":true,"href":"https:\/\/www.europesays.com\/fr\/wp-json\/wp\/v2\/categories?post=533054"},{"taxonomy":"post_tag","embeddable":true,"href":"https:\/\/www.europesays.com\/fr\/wp-json\/wp\/v2\/tags?post=533054"}],"curies":[{"name":"wp","href":"https:\/\/api.w.org\/{rel}","templated":true}]}}